{"id":9388,"date":"2013-08-06T21:46:50","date_gmt":"2013-08-07T02:46:50","guid":{"rendered":"http:\/\/www.oscarhumbertogomez.com\/?p=9388"},"modified":"2025-03-13T21:12:36","modified_gmt":"2025-03-14T02:12:36","slug":"bajo-la-sombra-tutelar-del-libertador-simon-bolivar-el-colegio-nacional-de-periodistas-celebro-solemnemente-el-dia-nacional-del-periodista","status":"publish","type":"post","link":"https:\/\/oscarhumbertogomez.com\/?p=9388","title":{"rendered":"Bajo la sombra tutelar del Libertador Sim\u00f3n Bol\u00edvar el Colegio Nacional de Periodistas celebr\u00f3 solemnemente el D\u00eda Nacional del Periodista. Por \u00d3scar Humberto G\u00f3mez G\u00f3mez"},"content":{"rendered":"<div id=\"attachment_9396\" style=\"width: 650px\" class=\"wp-caption aligncenter\"><img loading=\"lazy\" decoding=\"async\" aria-describedby=\"caption-attachment-9396\" class=\"size-large wp-image-9396\" title=\"Rafael-Serrano-Prada I\" src=\"https:\/\/lapiedrafilosofal.com\/wp-content\/uploads\/2013\/08\/Rafael-Serrano-Prada-I2-1024x610.jpg\" alt=\"\" width=\"640\" height=\"381\" srcset=\"https:\/\/oscarhumbertogomez.com\/wp-content\/uploads\/2013\/08\/Rafael-Serrano-Prada-I2-1024x610.jpg 1024w, https:\/\/oscarhumbertogomez.com\/wp-content\/uploads\/2013\/08\/Rafael-Serrano-Prada-I2-300x178.jpg 300w, https:\/\/oscarhumbertogomez.com\/wp-content\/uploads\/2013\/08\/Rafael-Serrano-Prada-I2.jpg 1140w\" sizes=\"auto, (max-width: 640px) 100vw, 640px\" \/><p id=\"caption-attachment-9396\" class=\"wp-caption-text\">RAFAEL SERRANO PRADA, DIRECTOR DEL DIARIO EL FRENTE, EX REPRESENTANTE A LA C\u00c1MARA POR EL PARTIDO CONSERVADOR, EXPRESIDENTE NACIONAL DEL COLEGIO NACIONAL DE PERIODISTAS Y FIGURA PROMINENTE DEL PERIODISMO SANTANDEREANO<\/p><\/div>\n<p>&nbsp;<\/p>\n<p>Tal y como estaba programado, a las 5 de la tarde del lunes 5 de agosto el Colegio Nacional de Periodistas llev\u00f3 a cabo la celebraci\u00f3n solemne del D\u00eda Nacional de Periodista en la Casa de Bol\u00edvar, sede de la Academia de Historia de Santander.<br \/>\nEl acto fue instalado por el se\u00f1or presidente (e) de la Academia y vicepresidente de la instituci\u00f3n doctor Gustavo Pinz\u00f3n Gonz\u00e1lez, quien a continuaci\u00f3n dej\u00f3 el manejo de la sesi\u00f3n en manos del Colegio, por lo que la direcci\u00f3n del mismo la asumi\u00f3 el se\u00f1or presidente de la entidad period\u00edstica en esta seccional doctor Enrique Ochoa Gonz\u00e1lez.<br \/>\nEn el acto, en el que fungi\u00f3 como maestro de ceremonias el periodista Alirio Su\u00e1rez Hern\u00e1ndez, le fue entregada la credencial de periodista al director de este portal \u00d3scar Humberto G\u00f3mez G\u00f3mez.<br \/>\nEntre otras personalidades, el acto cont\u00f3 con la presencia del se\u00f1or C\u00f3nsul de la Rep\u00fablica Bolivariana de Venezuela doctor Jes\u00fas David Quintana de la Riva, del se\u00f1or ex presidente del Senado de la Rep\u00fablica y cofundador del Nuevo Liberalismo doctor Jos\u00e9 Blackburn, del se\u00f1or ex presidente de la Empresa Colombiana de Gas (Ecog\u00e1s) ingeniero Abner Duarte Santos, quien estuvo acompa\u00f1ado por su se\u00f1or padre don Teodoro Duarte Garz\u00f3n, del se\u00f1or gerente general de la empresa petrolera colombiana con presencia en Houston (Texas, USA) Cerex S.A. ingeniero William H. Blackburn, as\u00ed como tambi\u00e9n del se\u00f1or ex rector de la Universidad Industrial de Santander (UIS) y expresidente de la Academia de Historia de Santander ingeniero Miguel Jos\u00e9 Pinilla Guti\u00e9rrez, del ingeniero, historiador, poeta y compositor maestro Juvenal Fonseca, del historiador y abogado Pedro Antonio Vivas Guevara, del abogado, historiador, columnista y empresario Sergio Rangel Consuegra, y del ex presidente del Tribunal Administrativo de Santander y ex vicepresidente de la Academia de Historia de Santander doctor Rafael Guti\u00e9rrez Solano.<br \/>\nIgualmente, estuvieron presentes figuras de la locuci\u00f3n santandereana como don Jorge Pertuz Ale\u00e1n de la cadena Caracol y V\u00edctor Su\u00e1rez de la Emisora Cultural Luis Carlos Gal\u00e1n Sarmiento, y de la reporter\u00eda gr\u00e1fica como el maestro Carlos Eslava.<br \/>\nLos familiares y amigos del nuevo miembro del Colegio Nacional de Periodistas \u00d3scar Humberto G\u00f3mez G\u00f3mez lo acompa\u00f1aron en este momento tan especial de su vida, cuando cuarenta a\u00f1os despu\u00e9s de que arribara al desaparecido peri\u00f3dico El Deber, y muy posteriormente al tambi\u00e9n desaparecido Diario del Oriente, para terminar en las p\u00e1ginas de El Frente, recibiera la credencial de periodista. Estuvieron presentes su se\u00f1ora madre do\u00f1a Matilde G\u00f3mez S\u00e1nchez, sus hermanos Jos\u00e9 Leobardo y su esposa Marina de G\u00f3mez, Gloria Adela y Eugenia Amparo, sus sobrinas Claudia Alicia Rinc\u00f3n G\u00f3mez de Alterio, Sandra Margareth G\u00f3mez de Cadena y Clara Fernanda Mateus G\u00f3mez, su esposa Nylse Blackburn Moreno (de quien destac\u00f3 su estrecha participaci\u00f3n en todos sus proyectos culturales), sus hijas la psic\u00f3loga Alejandra Estefan\u00eda G\u00f3mez Blackburn y la estudiante de Odontolog\u00eda Paula Natalia G\u00f3mez Blackburn, su suegro don H\u00e9ctor M. Blackburn Ortiz y se\u00f1ora Xenia Ortiz de Blackburn, sus cu\u00f1ados Lucena Blackburn Moreno y William H. Blackburn Moreno, sus amigos el ingeniero qu\u00edmico y empresario Christian Jaimes y su se\u00f1ora esposa Olga de Jaimes, el eminente neum\u00f3logo doctor Fabio Bol\u00edvar Grimaldos y su se\u00f1ora esposa la ex directora del Instituto Nacional de Medicina Legal y Ciencias Forenses Regional Nororiente doctora Elvira Aguilera de Bol\u00edvar, el abogado Luis Carlos Pinz\u00f3n S\u00e1nchez, la educadora Ruth Esther Meneses Pedroza, el ingeniero qu\u00edmico Luis Alfredo Acu\u00f1a, don Alonso Prieto Galvis, el empresario don \u00c1lvaro Jim\u00e9nez y do\u00f1a Clarita Villamizar de Rueda, entre otros.<\/p>\n<p>Hicieron uso de la palabra varios oradores. De manera muy especial, se destaca en esta nota el discurso pronunciado por el director del diario El Frente y ex presidente nacional del Colegio don Rafael Serrano Prada.<\/p>\n<p><strong>Origen de la celebraci\u00f3n y del Colegio<\/strong><\/p>\n<p><img loading=\"lazy\" decoding=\"async\" class=\"aligncenter size-full wp-image-9360\" title=\"ANTONIO NARI\u00d1O\" src=\"https:\/\/lapiedrafilosofal.com\/wp-content\/uploads\/2013\/08\/ANTONIO-NARI\u00d1O.jpg\" alt=\"\" width=\"555\" height=\"512\" srcset=\"https:\/\/oscarhumbertogomez.com\/wp-content\/uploads\/2013\/08\/ANTONIO-NARI\u00d1O.jpg 555w, https:\/\/oscarhumbertogomez.com\/wp-content\/uploads\/2013\/08\/ANTONIO-NARI\u00d1O-300x276.jpg 300w\" sizes=\"auto, (max-width: 555px) 100vw, 555px\" \/>La ley <strong>918 del 2004<\/strong> estableci\u00f3 el <strong>4 de agosto<\/strong> como el <strong>D\u00eda Nacional del Periodista<\/strong>, festividad que tradicionalmente se ven\u00eda conmemorando el 9 de febrero.<\/p>\n<p>La diferencia de fechas obedece al personaje en cuyo honor se consagr\u00f3 la celebraci\u00f3n.<\/p>\n<p>Seg\u00fan la posici\u00f3n cl\u00e1sica, la celebraci\u00f3n del D\u00eda del Periodista naci\u00f3 el 9 de febrero de 1791 cuando apareci\u00f3 en la capital del pa\u00eds el primer peri\u00f3dico. Se llam\u00f3 <em>Papel Peri\u00f3dico de la Ciudad de Santaf\u00e9 de Bogot\u00e1<\/em>, \u00f3rgano fundado y dirigido por el cubano Manuel del Socorro Rodr\u00edguez de la Victoria. En aquel peri\u00f3dico se publicaron art\u00edculos de prensa escritos por algunos de los m\u00e1s destacados pr\u00f3ceres colombianos: Antonio Nari\u00f1o, Francisco Antonio Zea, Francisco Jos\u00e9 de Caldas, entre otros. Los temas que se trataban eran del m\u00e1s diverso contenido y se refer\u00edan a la vida social, literaria, cient\u00edfica, militar y civil de Espa\u00f1a, entendiendo como tal la metr\u00f3poli y sus colonias, entre ellas la Nueva Granada.<\/p>\n<p>Sin embargo, como ya se anot\u00f3, la precitada ley 918 de 2004, estableci\u00f3 una nueva fecha para la celebraci\u00f3n del D\u00eda Nacional del Periodista, la del 4 de agosto, en homenaje a otro gran precursor de la prensa, pero principalmente de la libertad de expresi\u00f3n: el patriota de la Independencia Antonio Nari\u00f1o, quien tradujo del franc\u00e9s e imprimi\u00f3 en la clandestinidad -y alcanz\u00f3 a distribuir tambi\u00e9n en la clandestinidad- la Declaraci\u00f3n de Derechos del Hombre y del Ciudadano, por lo cual es considerado el primer periodista pol\u00edtico del pa\u00eds. La fecha ha generado controversia.<\/p>\n<p>De todos modos, como ya se dijo, el 9 de febrero sigue siendo conmemorado por un sector de los periodistas. En efecto, a pesar de lo dispuesto por la ley, el C\u00edrculo de Periodistas de Bogot\u00e1 (CPB) ratific\u00f3 el 9 de febrero como el D\u00eda del Periodista Profesional, consagrado como tal por la Ley 51 del 18 de diciembre de 1975.<\/p>\n<p>El Colegio Nacional de Periodistas, por su parte, celebr\u00f3 el 4 de agosto, el D\u00eda Nacional del Periodista con un almuerzo de compa\u00f1eros que tuvo lugar en un acogedor sitio campestre ubicado en los alrededores del estadio de f\u00fatbol \u00c1lvaro G\u00f3mez Hurtado, en el costado oriental de la autopista Floridablanca &#8211; Piedecuesta.<\/p>\n<p>La celebraci\u00f3n solemne de la festividad tuvo como escenario la Casa de Bol\u00edvar, sede de la Academia de Historia de Santander, a donde traslad\u00f3 la presidencia de la rep\u00fablica de la Gran Colombia (Venezuela, Nueva Granada y Quito) el Libertador Sim\u00f3n Bol\u00edvar.<\/p>\n<p><img loading=\"lazy\" decoding=\"async\" class=\"aligncenter size-full wp-image-9361\" title=\"CASA DE BOL\u00cdVAR BUCARAMANGA\" src=\"https:\/\/lapiedrafilosofal.com\/wp-content\/uploads\/2013\/08\/CASA-DE-BOL\u00cdVAR-BUCARAMANGA.jpg\" alt=\"\" width=\"596\" height=\"383\" srcset=\"https:\/\/oscarhumbertogomez.com\/wp-content\/uploads\/2013\/08\/CASA-DE-BOL\u00cdVAR-BUCARAMANGA.jpg 596w, https:\/\/oscarhumbertogomez.com\/wp-content\/uploads\/2013\/08\/CASA-DE-BOL\u00cdVAR-BUCARAMANGA-300x192.jpg 300w\" sizes=\"auto, (max-width: 596px) 100vw, 596px\" \/><\/p>\n<p><strong>Palabras del director de EL FRENTE.<\/strong><\/p>\n<p>A continuaci\u00f3n, insertamos el texto completo de la intervenci\u00f3n del ex parlamentario Rafael Serrano Prada:<\/p>\n<p>&#8220;Soy yo el m\u00e1s humilde de los activistas de la pluma para hablar en este recinto sobre las excelsas condiciones de \u00d3scar Humberto G\u00f3mez G\u00f3mez, el acad\u00e9mico, el escritor, el creador de una escuela de m\u00fasica y de un estilo de vida en Santander de quien se hablar\u00e1 durante toda la vida por lo que ha hecho por este departamento. El verdadero libro de Bucaramanga lo escribi\u00f3 \u00d3scar Humberto G\u00f3mez, revisando las p\u00e1ginas de los peri\u00f3dicos, particularmente del diario EL FRENTE en donde durante setenta a\u00f1os se ha registrado la vida diaria de este departamento.<br \/>\nPero d\u00e9jeme decirle, doctor Fabio Torres, que cuando usted hablaba del 4 de agosto como fecha memorable que dio lugar a la celebraci\u00f3n de hechos hist\u00f3ricos que dieron lugar a la celebraci\u00f3n del D\u00eda Nacional del Periodista, se qued\u00f3 olvidado un hecho que deber\u00eda llenar de orgullo a los santandereanos: el 4 de agosto fue la batalla del Pienta en la cual las tropas del general Lucas Gonz\u00e1lez, espa\u00f1ol, intentando sobrepasar el asedio vigoroso del aguerrido pueblo charale\u00f1o pretend\u00edan reforzar las del general Barreiro, que fue derrotado tres d\u00edas despu\u00e9s por el Libertador Sim\u00f3n Bol\u00edvar en el puente de Boyac\u00e1; batalla del Pienta en la cual nuestros antepasados santandereanos y comuneros dejaron plasmadas con sangre sus huellas en la historia; porque all\u00ed hubo una mortandad terrible de santandereanos, de colombianos, de patriotas, en la poblaci\u00f3n de Charal\u00e1, que con palos, escopetas y otros elementos rudimentarios se enfrentaron a las tropas espa\u00f1olas; y deber\u00eda ser el 4 de agosto el d\u00eda de la Independencia colombiana, y no el 7 de agosto, como est\u00e1 consagrado en los textos hist\u00f3ricos. De manera que son varias gestas importantes las que confluyen en la celebraci\u00f3n del 4 de agosto. &nbsp;Para m\u00ed es un honor hablar en este recinto; talvez no tengo los m\u00e9ritos para hacerlo con la inteligencia y la sabidur\u00eda de muchos de los acad\u00e9micos que aqu\u00ed son guardianes de la historia. Pero la presencia del se\u00f1or C\u00f3nsul de Venezuela, joven diplom\u00e1tico de carrera, me hace recordar que cuando Per\u00fa de Lacroix preparaba la biograf\u00eda del Libertador Sim\u00f3n Bol\u00edvar, en los tiempos en que desde aqu\u00ed segu\u00eda los desarrollos de la Convenci\u00f3n de Oca\u00f1a para darle perfiles jur\u00eddicos a la organizaci\u00f3n de Venezuela, Ecuador y Nueva Granada, a la Gran Colombia particularmente, hubo un hecho hist\u00f3rico, se\u00f1or C\u00f3nsul, que parece que no est\u00e1 muy rese\u00f1ado en los textos que se refieren a lo que pas\u00f3 en esta casa, y es que por estos corredores una ma\u00f1ana muy preocupado el Libertador le dijo a Per\u00fa de Lacroix una frase que es del patrimonio de la historia del periodismo colombiano: &#8220;Mira, Per\u00fa, escr\u00edbele a tu amigo a Par\u00eds para que nos mande la imprenta, porque en tiempos de guerra son tan importantes las imprentas como los pertrechos&#8221;. Ese pensamiento del Libertador tiene plena vigencia hoy en un pa\u00eds que se mueve por los efectos medi\u00e1ticos, por la circunstancia de que al instante, de un hecho que se produzca en cualquier lugar de la Patria o del mundo nos llega la informaci\u00f3n de lo que est\u00e1 aconteciendo; tiene una guerra, unos &#8220;flashes&#8221; de informaci\u00f3n negativa que llega al cerebro de los colombianos en todo momento, que solo pueden ser canalizados por la responsabilidad de quienes escriben en esos medios de comunicaci\u00f3n. &#8220;Mira, Per\u00fa, escr\u00edbele a tu amigo en Par\u00eds para que nos mande la imprenta, porque en tiempo de guerra son tan importantes las imprentas como los pertrechos&#8221;.<\/p>\n<p>Gracias a los medios de comunicaci\u00f3n en gran parte el Estado ha ganado la guerra contra la subversi\u00f3n y el terrorismo, gracias a los medios de comunicaci\u00f3n que explayan al instante la informaci\u00f3n, con lujo de detalles, de los acontecimientos, sobre los escenarios donde se producen los hechos la naci\u00f3n se entera al instante y se convierte, como se ha convertido Colombia, en una naci\u00f3n deliberante, plenamente deliberante.<\/p>\n<p>Yo apoyo la proliferaci\u00f3n de medios de comunicaci\u00f3n: est\u00e1 prevista en la Carta Pol\u00edtica, donde se dijo que todo ciudadano colombiano tiene derecho de crear medios de comunicaci\u00f3n. Fue ah\u00ed donde el periodismo dej\u00f3 de ser una profesi\u00f3n para convertirse otra vez en un oficio. La profesi\u00f3n se hab\u00eda reconocido anteriormente por mandato legal y al expedirse la Constituci\u00f3n del 91 la actividad de los periodistas volvi\u00f3 a ser un oficio, que no una profesi\u00f3n.<\/p>\n<p>De manera que, doctor \u00d3scar Humberto G\u00f3mez G\u00f3mez, usted ingresa a una cofrad\u00eda en donde sentimos una gran admiraci\u00f3n por la tarea que ha venido realizando.<\/p>\n<p>Conoc\u00ed a \u00d3scar Humberto pergue\u00f1ando cuartillas en el Diario del Oriente en una \u00e9poca en que Bucaramanga ten\u00eda cinco diarios. Cuando a la gente le cuentan estas cosas les parecen asuntos de fantas\u00eda. Bucaramanga fue la ciudad m\u00e1s diarista del mundo, en proporci\u00f3n al n\u00famero de habitantes. Hace cuarenta a\u00f1os circulaban simult\u00e1neamente Vanguardia Liberal, El Frente, El Deber, Diario del Oriente, Diario de Bucaramanga y El Liberal de Santander, seis diarios. Pero los diarios de entonces no ten\u00edan sino ocho o doce p\u00e1ginas. La modernizaci\u00f3n de los medios y el volumen de la informaci\u00f3n que reclama la audiencia, con m\u00e1s entusiasmo, con m\u00e1s voracidad, con m\u00e1s deseos de conocer detalles de lo que ocurre en el medio que lo rodea, un medio de comunicaci\u00f3n impreso que se precie, que se respete, debe brindar no solo la informaci\u00f3n local, regional y nacional, sino la internacional y al instante, de manera que los medios que pueden soportar esos vol\u00famenes de informaci\u00f3n que reclama la audiencia no son muchos: Vanguardia Liberal, que se sostiene en el primer lugar, y El Frente, que reclama y ha rescatado su segundo lugar en el reconocimiento del pueblo santandereano. Debo aclarar aqu\u00ed que yo no soy el fundador del diario El Frente. Yo me form\u00e9 en las instalaciones del diario El Frente hacia 1963, 64, al lado del poeta Rafael Ortiz Gonz\u00e1lez, que hab\u00eda sido el fundador del peri\u00f3dico. El Frente fue fundado el 2 de diciembre de 1942, cuando mi vida estaba todav\u00eda en la mente del Esp\u00edritu Santo. Entonces llegu\u00e9 a este oficio en 1963 y estoy todav\u00eda dedicado a la m\u00e1s hermosa de las artes, pues como dice Gabriel Garc\u00eda M\u00e1rquez no hay actividad m\u00e1s hermosa que este oficio de la comunicaci\u00f3n. Si no existiera una gran pasi\u00f3n detr\u00e1s de lo que hacemos, querido \u00d3scar Humberto, no estar\u00edamos dedicados de tiempo completo a este oficio.<\/p>\n<p>Aqu\u00ed est\u00e1n presentes personas cuya pluma respeto y que son creadores de opini\u00f3n p\u00fablica en nuestro departamento. C\u00f3mo no exaltar a Sergio Rangel Consuegra, la mejor pluma del departamento, el Garc\u00eda M\u00e1rquez de nuestro departamento. C\u00f3mo no exaltar a \u00d3scar Humberto G\u00f3mez como la mente m\u00e1s l\u00facida, que nos ha puesto a pensar en poes\u00eda, en canciones, realidades contestatarias de la vida que nos corresponde hoy. &#8216;El Campesino embejucao&#8217; es una plegaria al Cielo para pedirle a Colombia que cese la violencia, que cese la guerra. A veces con escepticismo y particularmente ahora, miramos los procesos de paz y sentimos que puede haber una amarga frustraci\u00f3n frente a lo que est\u00e1 pasando en Cuba, en La Habana; pero el pa\u00eds no ser\u00e1 el mismo despu\u00e9s de estos di\u00e1logos de paz, porque as\u00ed se consiga la paz o se produzca una din\u00e1mica de guerra, el pa\u00eds ser\u00e1 distinto despu\u00e9s de lo que el presidente Santos se propuso hacer tratando de conquistar afanosamente la reconciliaci\u00f3n entre los colombianos. Le hemos extendido un cheque en blanco al se\u00f1or presidente de la Rep\u00fablica para que este af\u00e1n, plasmado en su obra de &#8216;El campesino embejucao&#8217;, que a unos les preguntan si son liberales, y a otros si son conservadores, o si son comunistas, o si son de las Farc o del Eln, o de otras organizaciones, pues esos versos que usted ha escrito, y que tienen vigencia, no ahora, sino por los siglos de los siglos, son el canto del abogado de la paz, son unos versos que usted ha escrito y que se difunden todos los d\u00edas en las emisoras de Colombia. Pero es que adem\u00e1s \u00d3scar Humberto G\u00f3mez G\u00f3mez es un jurista consumado, estudioso, conoce y estudia la jurisprudencia de las altas cortes y la aplica en sus documentados alegatos ante la justicia contencioso-administrativa; aqu\u00ed est\u00e1 uno de los magistrados que m\u00e1s respetamos, el doctor Rafael Guti\u00e9rrez Solano, que seguramente habr\u00e1 le\u00eddo la prosa de este litigante que es el doctor \u00d3scar Humberto G\u00f3mez, que maneja muy bien las explicativas, en sus escritos usted maneja muy bien las explicativas, las frases explicativas, y analiza a fondo la subjetividad que trasciende de las providencias judiciales, y obviamente leyendo uno a \u00d3scar Humberto G\u00f3mez G\u00f3mez se deleita, se deleita infinitamente y mejora sus conocimientos, y adem\u00e1s a los periodistas les recomiendo que lean mucho a \u00d3scar Humberto G\u00f3mez G\u00f3mez porque ese es el estilo de la cr\u00f3nica, que hace mucha falta en nuestro departamento. Yo he insistido en las reuniones ante las facultades de periodismo de Bucaramanga (tenemos dos facultades, la de la Universidad Aut\u00f3noma y la de la Universidad Pontificia Bolivariana) que los periodistas no se contenten con escribir unas frases, sino con hacer la cr\u00f3nica, porque la cr\u00f3nica como el discurso tiene muchas explicativas, la cr\u00f3nica como el discurso tiene exordio, peroraci\u00f3n y proposici\u00f3n, contenido, presentaci\u00f3n, para llegar a unas conclusiones, y lo que m\u00e1s vale en el oficio de la comunicaci\u00f3n es la capacidad para producir cr\u00f3nica. Hemos dado grandes cronistas como Juan Crist\u00f3bal Mart\u00ednez, as\u00ed como grandes editorialistas como Manuel Serrano Blanco, el tribuno de la elocuencia, en fin, este ha sido un departamento de escritores, de mentes iluminadas, y yo creo que con el pasar de los tiempos el doctor \u00d3scar Humberto G\u00f3mez a quien hoy, para orgullo del Colegio Nacional de Periodistas, recibimos como socio, como afiliado permanente y a perpetuidad, es un honor m\u00e1s para nuestra agremiaci\u00f3n que para \u00e9l, haber ingresado a esta colegiatura. De manera que felicitaciones al doctor \u00d3scar Humberto G\u00f3mez y a lo j\u00f3venes que son la promesa fresca de la comunicaci\u00f3n, porque en el d\u00eda de hoy, en este escenario de la cultura y de la historia, estamos asistiendo a un momento estelar de las letras santandereanas.<\/p>\n<p>Y hay que defender los valores de la historia, porque la historia es testigo de los tiempos, luz de la verdad y maestra de la vida. He dicho. Muchas gracias&#8221;.<\/p>\n<p>&nbsp;<\/p>\n","protected":false},"excerpt":{"rendered":"<p>&nbsp; Tal y como estaba programado, a las 5 de la tarde del lunes 5 de agosto el Colegio Nacional de Periodistas llev\u00f3 a cabo la celebraci\u00f3n solemne del D\u00eda Nacional de Periodista en la Casa de Bol\u00edvar, sede de &hellip; <a href=\"https:\/\/oscarhumbertogomez.com\/?p=9388\">Sigue leyendo <span class=\"meta-nav\">&rarr;<\/span><\/a><\/p>\n<div class='heateorSssClear'><\/div><div  class='heateor_sss_sharing_container heateor_sss_horizontal_sharing' heateor-sss-data-href='https:\/\/oscarhumbertogomez.com\/?p=9388'><div class='heateor_sss_sharing_title' style=\"font-weight:bold\" >\u00a1Gracias por compartirla!<\/div><ul class=\"heateor_sss_sharing_ul\"><li class=\"heateorSssSharingRound\"><i style=\"width:35px;height:35px;border-radius:999px;\" alt=\"Facebook\" Title=\"Facebook\" class=\"heateorSssSharing heateorSssFacebookBackground\" onclick='heateorSssPopup(\"https:\/\/www.facebook.com\/sharer\/sharer.php?u=https%3A%2F%2Foscarhumbertogomez.com%2Findex.php%3Frest_route%3D%252Fwp%252Fv2%252Fposts%252F9388\")'><ss style=\"display:block;border-radius:999px;\" class=\"heateorSssSharingSvg heateorSssFacebookSvg\"><\/ss><\/i><\/li><li class=\"heateorSssSharingRound\"><i style=\"width:35px;height:35px;border-radius:999px;\" alt=\"Twitter\" Title=\"Twitter\" class=\"heateorSssSharing heateorSssTwitterBackground\" onclick='heateorSssPopup(\"http:\/\/twitter.com\/intent\/tweet?text=Bajo%20la%20sombra%20tutelar%20del%20Libertador%20Sim%C3%B3n%20Bol%C3%ADvar%20el%20Colegio%20Nacional%20de%20Periodistas%20celebr%C3%B3%20solemnemente%20el%20D%C3%ADa%20Nacional%20del%20Periodista.%20Por%20%C3%93scar%20Humberto%20G%C3%B3mez%20G%C3%B3mez&url=https%3A%2F%2Foscarhumbertogomez.com%2Findex.php%3Frest_route%3D%252Fwp%252Fv2%252Fposts%252F9388\")'><ss style=\"display:block;border-radius:999px;\" class=\"heateorSssSharingSvg heateorSssTwitterSvg\"><\/ss><\/i><\/li><li class=\"heateorSssSharingRound\"><i style=\"width:35px;height:35px;border-radius:999px;\" alt=\"Whatsapp\" Title=\"Whatsapp\" class=\"heateorSssSharing heateorSssWhatsappBackground\" onclick='heateorSssPopup(\"https:\/\/web.whatsapp.com\/send?text=Bajo%20la%20sombra%20tutelar%20del%20Libertador%20Sim%C3%B3n%20Bol%C3%ADvar%20el%20Colegio%20Nacional%20de%20Periodistas%20celebr%C3%B3%20solemnemente%20el%20D%C3%ADa%20Nacional%20del%20Periodista.%20Por%20%C3%93scar%20Humberto%20G%C3%B3mez%20G%C3%B3mez https%3A%2F%2Foscarhumbertogomez.com%2Findex.php%3Frest_route%3D%252Fwp%252Fv2%252Fposts%252F9388\")'><ss style=\"display:block\" class=\"heateorSssSharingSvg heateorSssWhatsappSvg\"><\/ss><\/i><\/li><li class=\"heateorSssSharingRound\"><i style=\"width:35px;height:35px;border-radius:999px;\" alt=\"Pinterest\" Title=\"Pinterest\" class=\"heateorSssSharing heateorSssPinterestBackground\" onclick=\"javascript:void( (function() {var e=document.createElement('script' );e.setAttribute('type','text\/javascript' );e.setAttribute('charset','UTF-8' );e.setAttribute('src','\/\/assets.pinterest.com\/js\/pinmarklet.js?r='+Math.random()*99999999);document.body.appendChild(e)})());\"><ss style=\"display:block;border-radius:999px;\" class=\"heateorSssSharingSvg heateorSssPinterestSvg\"><\/ss><\/i><\/li><li class=\"heateorSssSharingRound\"><i style=\"width:35px;height:35px;border-radius:999px;\" alt=\"Google Gmail\" Title=\"Google Gmail\" class=\"heateorSssSharing heateorSssGoogleGmailBackground\" onclick='heateorSssPopup(\"https:\/\/mail.google.com\/mail\/?ui=2&view=cm&fs=1&tf=1&su=Bajo%20la%20sombra%20tutelar%20del%20Libertador%20Sim%C3%B3n%20Bol%C3%ADvar%20el%20Colegio%20Nacional%20de%20Periodistas%20celebr%C3%B3%20solemnemente%20el%20D%C3%ADa%20Nacional%20del%20Periodista.%20Por%20%C3%93scar%20Humberto%20G%C3%B3mez%20G%C3%B3mez&body=Link:https%3A%2F%2Foscarhumbertogomez.com%2Findex.php%3Frest_route%3D%252Fwp%252Fv2%252Fposts%252F9388\")'><ss style=\"display:block;border-radius:999px;\" class=\"heateorSssSharingSvg heateorSssGoogleGmailSvg\"><\/ss><\/i><\/li><li class=\"heateorSssSharingRound\"><i style=\"width:35px;height:35px;border-radius:999px;\" title=\"More\" alt=\"More\" class=\"heateorSssSharing heateorSssMoreBackground\" onclick=\"heateorSssMoreSharingPopup(this, 'https:\/\/oscarhumbertogomez.com\/index.php?rest_route=%2Fwp%2Fv2%2Fposts%2F9388', 'Bajo%20la%20sombra%20tutelar%20del%20Libertador%20Sim%C3%B3n%20Bol%C3%ADvar%20el%20Colegio%20Nacional%20de%20Periodistas%20celebr%C3%B3%20solemnemente%20el%20D%C3%ADa%20Nacional%20del%20Periodista.%20Por%20%C3%93scar%20Humberto%20G%C3%B3mez%20G%C3%B3mez', '' )\" ><ss style=\"display:block\" class=\"heateorSssSharingSvg heateorSssMoreSvg\"><\/ss><\/i><\/li><\/ul><div class=\"heateorSssClear\"><\/div><\/div><div class='heateorSssClear'><\/div>","protected":false},"author":2,"featured_media":0,"comment_status":"closed","ping_status":"closed","sticky":false,"template":"","format":"standard","meta":{"spay_email":"","footnotes":""},"categories":[11],"tags":[],"class_list":["post-9388","post","type-post","status-publish","format-standard","hentry","category-periodismo"],"jetpack_featured_media_url":"","jetpack_shortlink":"https:\/\/wp.me\/p1FYrr-2rq","_links":{"self":[{"href":"https:\/\/oscarhumbertogomez.com\/index.php?rest_route=\/wp\/v2\/posts\/9388","targetHints":{"allow":["GET"]}}],"collection":[{"href":"https:\/\/oscarhumbertogomez.com\/index.php?rest_route=\/wp\/v2\/posts"}],"about":[{"href":"https:\/\/oscarhumbertogomez.com\/index.php?rest_route=\/wp\/v2\/types\/post"}],"author":[{"embeddable":true,"href":"https:\/\/oscarhumbertogomez.com\/index.php?rest_route=\/wp\/v2\/users\/2"}],"replies":[{"embeddable":true,"href":"https:\/\/oscarhumbertogomez.com\/index.php?rest_route=%2Fwp%2Fv2%2Fcomments&post=9388"}],"version-history":[{"count":4,"href":"https:\/\/oscarhumbertogomez.com\/index.php?rest_route=\/wp\/v2\/posts\/9388\/revisions"}],"predecessor-version":[{"id":52364,"href":"https:\/\/oscarhumbertogomez.com\/index.php?rest_route=\/wp\/v2\/posts\/9388\/revisions\/52364"}],"wp:attachment":[{"href":"https:\/\/oscarhumbertogomez.com\/index.php?rest_route=%2Fwp%2Fv2%2Fmedia&parent=9388"}],"wp:term":[{"taxonomy":"category","embeddable":true,"href":"https:\/\/oscarhumbertogomez.com\/index.php?rest_route=%2Fwp%2Fv2%2Fcategories&post=9388"},{"taxonomy":"post_tag","embeddable":true,"href":"https:\/\/oscarhumbertogomez.com\/index.php?rest_route=%2Fwp%2Fv2%2Ftags&post=9388"}],"curies":[{"name":"wp","href":"https:\/\/api.w.org\/{rel}","templated":true}]}}