{"id":9402,"date":"2013-08-07T13:03:27","date_gmt":"2013-08-07T18:03:27","guid":{"rendered":"http:\/\/www.oscarhumbertogomez.com\/?p=9402"},"modified":"2025-02-20T17:24:51","modified_gmt":"2025-02-20T22:24:51","slug":"a-la-memoria-de-carlos-gabriel-acevedo-alvarez-por-manuel-enrique-rey","status":"publish","type":"post","link":"https:\/\/oscarhumbertogomez.com\/?p=9402","title":{"rendered":"A la memoria de Carlos Gabriel Acevedo \u00c1lvarez. Por Manuel Enrique Rey Sanmiguel"},"content":{"rendered":"<div id=\"attachment_9407\" style=\"width: 610px\" class=\"wp-caption aligncenter\"><img loading=\"lazy\" decoding=\"async\" aria-describedby=\"caption-attachment-9407\" class=\"size-full wp-image-9407\" title=\"CARLOS GABRIEL ACEVEDO \u00c1LVAREZ\" src=\"https:\/\/lapiedrafilosofal.com\/wp-content\/uploads\/2013\/08\/CARLOS-GABRIEL-ACEVEDO-\u00c1LVAREZ1.jpg\" alt=\"\" width=\"600\" height=\"400\" srcset=\"https:\/\/oscarhumbertogomez.com\/wp-content\/uploads\/2013\/08\/CARLOS-GABRIEL-ACEVEDO-\u00c1LVAREZ1.jpg 600w, https:\/\/oscarhumbertogomez.com\/wp-content\/uploads\/2013\/08\/CARLOS-GABRIEL-ACEVEDO-\u00c1LVAREZ1-300x200.jpg 300w\" sizes=\"auto, (max-width: 600px) 100vw, 600px\" \/><p id=\"caption-attachment-9407\" class=\"wp-caption-text\">INGENIERO CARLOS GABRIEL ACEVEDO \u00c1LVAREZ, M\u00daSICO Y MECENAS SANTANDEREANO VINCULADO A LA ORGANIZACI\u00d3N DEL FESTIVALITO RUITOQUE\u00d1O DE M\u00daSICA COLOMBIANA<\/p><\/div>\n<p>&nbsp;<\/p>\n<p>Existen fechas o lapsos que lo marcan a uno durante la cortedad ontol\u00f3gica, como aquellas memorables realizadas en torno a m\u00fasicos y m\u00fasica, llenas de recordaciones, cargadas de preparativos celestiales consistentes todos ellos de afinaciones, partituras y silencios. Culturales dir\u00eda yo, y casi que por s\u00edmil coloratura emocional, hasta gen\u00e9ticas, debidas a cercan\u00eda familiar que el tiempo engrandece, tan solo para brindarnos felicidad y amistad, llenando nuestra memoria de recuerdos dulces, los m\u00e1s. Incluso cuando entre lamentos y l\u00e1grimas, dif\u00edcilmente hemos de aceptar la existencia de imprescindibles rumores oficiantes con afilada guada\u00f1a que pretende destruir nuestras m\u00e1s caras afectaciones. Calculablemente estricto su mandato, peri\u00f3dicamente invita como oficiante predilecta a cruel damisela malvada vestida de negro, que acostumbra enviar impensables truculencias que entristecen. Y mucho m\u00e1s, cuando obligados hemos de presenciar su trajeado atuendo harapiento y grotesco, para alejarnos de esos imprescindibles y ep\u00f3nimos mecenas, haciendo que mantengamos mente y coraz\u00f3n aferrados tan solo al recuerdo. El alt\u00edsimo tiene un bien organizado mecanismo ingenioso y a la vez sombr\u00edo, tendiente a evitar que pueda investirse el mundo terrenal con permanentes momentos gratos y gentes virtuosas, de amorosos padres, de esforzados y consagrados profesionales. Tal vez y con cierto ego\u00edsmo de su parte, y sin importar que pudiera potenciarse de agobios la vida terrenal, ha de llamar al lado de su trono, a una pl\u00e9yade virtuosa para que en el cielo organice peri\u00f3dicos festivales de m\u00fasica, ense\u00f1e a p\u00e1rvulos celestiales con atuendo de alitas y aureolas, la ciencia del movimiento de los electrones productores de electricidad, servir de secretario en m\u00faltiples eventos gremiales de santos, beatos y arrepentidos; y, hasta permitir montar en el abstruso cielo, una que otra distribuidora comercial donde se provean las jaculatorias y las indulgencias, los responsos y las misas, aguas benditas y cirios pascuales, etc. Como no todo han de ser inculpaciones, qu\u00e9 mejor que estar al lado de Juan de Dios, su padre, \u00e9l al tiple y Carlitos al piano. Estoy seguro de que eso de estar al lado de gente que poco ruido hace y que verdaderamente s\u00ed tiene o\u00eddo musical, que ser\u00e1n los potenciales asistentes al concierto paterno, ha de ser mucho m\u00e1s placentero, que estar rodeados de terr\u00edcolas borrachos, de agrupaciones inconformes porque anualmente no quedan en los CD promocionales, de reclamaciones por los espacios que se quedaron cortos por tanta gente que pretende a un mismo tiempo tener ratos de solaz y esparcimiento en el Festivalito Ruitoque\u00f1o -hechura de su cuerpo y alma- de cada a\u00f1o en Villa Leo. Paz en su tumba. Le deseamos quienes hace m\u00e1s de una veintena de a\u00f1os asistimos al primer encuentro regional de la m\u00fasica santandereana. Entre ellos: Luis Carlos y Cocha; Henry, Alonso y Arist\u00f3bulo; Silvia Juliana Rey, Germ\u00e1n Guevara; Marila y Leonor; Ernesto P\u00e9rez, Sol N\u00fa\u00f1ez, Alfonso Oviedo; Pedro y Olga; Iv\u00e1n Hurtado, Fernando Remolina; Manuela y Enrique; Jes\u00fas Villamizar; y otros que hoy la memoria envejecida olvida, pero que el festivalito, creado a imagen y semejanza suya, uni\u00f3.<\/p>\n<p>&nbsp;<\/p>\n","protected":false},"excerpt":{"rendered":"<p>&nbsp; Existen fechas o lapsos que lo marcan a uno durante la cortedad ontol\u00f3gica, como aquellas memorables realizadas en torno a m\u00fasicos y m\u00fasica, llenas de recordaciones, cargadas de preparativos celestiales consistentes todos ellos de afinaciones, partituras y silencios. Culturales &hellip; <a href=\"https:\/\/oscarhumbertogomez.com\/?p=9402\">Sigue leyendo <span class=\"meta-nav\">&rarr;<\/span><\/a><\/p>\n<div class='heateorSssClear'><\/div><div  class='heateor_sss_sharing_container heateor_sss_horizontal_sharing' heateor-sss-data-href='https:\/\/oscarhumbertogomez.com\/?p=9402'><div class='heateor_sss_sharing_title' style=\"font-weight:bold\" >\u00a1Gracias por compartirla!<\/div><ul class=\"heateor_sss_sharing_ul\"><li class=\"heateorSssSharingRound\"><i style=\"width:35px;height:35px;border-radius:999px;\" alt=\"Facebook\" Title=\"Facebook\" class=\"heateorSssSharing heateorSssFacebookBackground\" onclick='heateorSssPopup(\"https:\/\/www.facebook.com\/sharer\/sharer.php?u=https%3A%2F%2Foscarhumbertogomez.com%2Findex.php%3Frest_route%3D%252Fwp%252Fv2%252Fposts%252F9402\")'><ss style=\"display:block;border-radius:999px;\" class=\"heateorSssSharingSvg heateorSssFacebookSvg\"><\/ss><\/i><\/li><li class=\"heateorSssSharingRound\"><i style=\"width:35px;height:35px;border-radius:999px;\" alt=\"Twitter\" Title=\"Twitter\" class=\"heateorSssSharing heateorSssTwitterBackground\" onclick='heateorSssPopup(\"http:\/\/twitter.com\/intent\/tweet?text=A%20la%20memoria%20de%20Carlos%20Gabriel%20Acevedo%20%C3%81lvarez.%20Por%20Manuel%20Enrique%20Rey%20Sanmiguel&url=https%3A%2F%2Foscarhumbertogomez.com%2Findex.php%3Frest_route%3D%252Fwp%252Fv2%252Fposts%252F9402\")'><ss style=\"display:block;border-radius:999px;\" class=\"heateorSssSharingSvg heateorSssTwitterSvg\"><\/ss><\/i><\/li><li class=\"heateorSssSharingRound\"><i style=\"width:35px;height:35px;border-radius:999px;\" alt=\"Whatsapp\" Title=\"Whatsapp\" class=\"heateorSssSharing heateorSssWhatsappBackground\" onclick='heateorSssPopup(\"https:\/\/web.whatsapp.com\/send?text=A%20la%20memoria%20de%20Carlos%20Gabriel%20Acevedo%20%C3%81lvarez.%20Por%20Manuel%20Enrique%20Rey%20Sanmiguel https%3A%2F%2Foscarhumbertogomez.com%2Findex.php%3Frest_route%3D%252Fwp%252Fv2%252Fposts%252F9402\")'><ss style=\"display:block\" class=\"heateorSssSharingSvg heateorSssWhatsappSvg\"><\/ss><\/i><\/li><li class=\"heateorSssSharingRound\"><i style=\"width:35px;height:35px;border-radius:999px;\" alt=\"Pinterest\" Title=\"Pinterest\" class=\"heateorSssSharing heateorSssPinterestBackground\" onclick=\"javascript:void( (function() {var e=document.createElement('script' );e.setAttribute('type','text\/javascript' );e.setAttribute('charset','UTF-8' );e.setAttribute('src','\/\/assets.pinterest.com\/js\/pinmarklet.js?r='+Math.random()*99999999);document.body.appendChild(e)})());\"><ss style=\"display:block;border-radius:999px;\" class=\"heateorSssSharingSvg heateorSssPinterestSvg\"><\/ss><\/i><\/li><li class=\"heateorSssSharingRound\"><i style=\"width:35px;height:35px;border-radius:999px;\" alt=\"Google Gmail\" Title=\"Google Gmail\" class=\"heateorSssSharing heateorSssGoogleGmailBackground\" onclick='heateorSssPopup(\"https:\/\/mail.google.com\/mail\/?ui=2&view=cm&fs=1&tf=1&su=A%20la%20memoria%20de%20Carlos%20Gabriel%20Acevedo%20%C3%81lvarez.%20Por%20Manuel%20Enrique%20Rey%20Sanmiguel&body=Link:https%3A%2F%2Foscarhumbertogomez.com%2Findex.php%3Frest_route%3D%252Fwp%252Fv2%252Fposts%252F9402\")'><ss style=\"display:block;border-radius:999px;\" class=\"heateorSssSharingSvg heateorSssGoogleGmailSvg\"><\/ss><\/i><\/li><li class=\"heateorSssSharingRound\"><i style=\"width:35px;height:35px;border-radius:999px;\" title=\"More\" alt=\"More\" class=\"heateorSssSharing heateorSssMoreBackground\" onclick=\"heateorSssMoreSharingPopup(this, 'https:\/\/oscarhumbertogomez.com\/index.php?rest_route=%2Fwp%2Fv2%2Fposts%2F9402', 'A%20la%20memoria%20de%20Carlos%20Gabriel%20Acevedo%20%C3%81lvarez.%20Por%20Manuel%20Enrique%20Rey%20Sanmiguel', '' )\" ><ss style=\"display:block\" class=\"heateorSssSharingSvg heateorSssMoreSvg\"><\/ss><\/i><\/li><\/ul><div class=\"heateorSssClear\"><\/div><\/div><div class='heateorSssClear'><\/div>","protected":false},"author":2,"featured_media":0,"comment_status":"closed","ping_status":"closed","sticky":false,"template":"","format":"standard","meta":{"spay_email":"","footnotes":""},"categories":[6,8],"tags":[],"class_list":["post-9402","post","type-post","status-publish","format-standard","hentry","category-la-pluma-ajena","category-musica"],"jetpack_featured_media_url":"","jetpack_shortlink":"https:\/\/wp.me\/p1FYrr-2rE","_links":{"self":[{"href":"https:\/\/oscarhumbertogomez.com\/index.php?rest_route=\/wp\/v2\/posts\/9402","targetHints":{"allow":["GET"]}}],"collection":[{"href":"https:\/\/oscarhumbertogomez.com\/index.php?rest_route=\/wp\/v2\/posts"}],"about":[{"href":"https:\/\/oscarhumbertogomez.com\/index.php?rest_route=\/wp\/v2\/types\/post"}],"author":[{"embeddable":true,"href":"https:\/\/oscarhumbertogomez.com\/index.php?rest_route=\/wp\/v2\/users\/2"}],"replies":[{"embeddable":true,"href":"https:\/\/oscarhumbertogomez.com\/index.php?rest_route=%2Fwp%2Fv2%2Fcomments&post=9402"}],"version-history":[{"count":4,"href":"https:\/\/oscarhumbertogomez.com\/index.php?rest_route=\/wp\/v2\/posts\/9402\/revisions"}],"predecessor-version":[{"id":51023,"href":"https:\/\/oscarhumbertogomez.com\/index.php?rest_route=\/wp\/v2\/posts\/9402\/revisions\/51023"}],"wp:attachment":[{"href":"https:\/\/oscarhumbertogomez.com\/index.php?rest_route=%2Fwp%2Fv2%2Fmedia&parent=9402"}],"wp:term":[{"taxonomy":"category","embeddable":true,"href":"https:\/\/oscarhumbertogomez.com\/index.php?rest_route=%2Fwp%2Fv2%2Fcategories&post=9402"},{"taxonomy":"post_tag","embeddable":true,"href":"https:\/\/oscarhumbertogomez.com\/index.php?rest_route=%2Fwp%2Fv2%2Ftags&post=9402"}],"curies":[{"name":"wp","href":"https:\/\/api.w.org\/{rel}","templated":true}]}}