{"id":946,"date":"2011-08-13T22:58:53","date_gmt":"2011-08-14T03:58:53","guid":{"rendered":"http:\/\/www.oscarhumbertogomez.com\/?p=946"},"modified":"2025-03-31T10:20:54","modified_gmt":"2025-03-31T15:20:54","slug":"parece-que-al-fin-fueron-escuchados-los-quejidos-de-dolor-de-la-mujer-de-ananias","status":"publish","type":"post","link":"https:\/\/oscarhumbertogomez.com\/?p=946","title":{"rendered":"Parece que, por fin, fueron escuchados los quejidos de dolor de LA MUJER DE ANAN\u00cdAS. Por \u00d3scar Humberto G\u00f3mez G\u00f3mez"},"content":{"rendered":"<div id=\"attachment_18242\" style=\"width: 594px\" class=\"wp-caption alignnone\"><a href=\"https:\/\/lapiedrafilosofal.com\/wp-content\/uploads\/2015\/11\/LIBRILLO-021.jpg\"><img loading=\"lazy\" decoding=\"async\" aria-describedby=\"caption-attachment-18242\" class=\"size-large wp-image-18242\" src=\"https:\/\/lapiedrafilosofal.com\/wp-content\/uploads\/2015\/11\/LIBRILLO-021-584x1024.jpg\" alt=\"\" width=\"584\" height=\"1024\" srcset=\"https:\/\/oscarhumbertogomez.com\/wp-content\/uploads\/2015\/11\/LIBRILLO-021-584x1024.jpg 584w, https:\/\/oscarhumbertogomez.com\/wp-content\/uploads\/2015\/11\/LIBRILLO-021-171x300.jpg 171w, https:\/\/oscarhumbertogomez.com\/wp-content\/uploads\/2015\/11\/LIBRILLO-021.jpg 809w\" sizes=\"auto, (max-width: 584px) 100vw, 584px\" \/><\/a><p id=\"caption-attachment-18242\" class=\"wp-caption-text\">\u00d3SCAR HUMBERTO G\u00d3MEZ G\u00d3MEZ como &#8220;EL CAMPESINO EMBEJUCAO&#8221;. [Fotograf\u00eda: David Navarro G\u00e1mez. 2002].<\/p><\/div>\n<p>&nbsp;<\/p>\n<p>Nos encontramos muy complacidos y a la expectativa frente al anuncio del se\u00f1or presidente de la Rep\u00fablica Dr. Juan Manuel Santos Calder\u00f3n seg\u00fan el cual va a orientar en un sentido completamente distinto el manejo de la salud en Colombia, atomizado a partir de la Ley 100 de 1993 en un sinn\u00famero de empresas promotoras de salud (EPS), instituciones prestadoras de salud (IPS), empresas sociales del Estado (ESE), un insensible y cada vez m\u00e1s desmantelado ISS, as\u00ed como tambi\u00e9n en ARS, ARP y otras &#8220;eses&#8221;, que convirtieron al paciente en un ser desgraciado y sin salida, como el &#8220;Anan\u00edas&#8221; de LA MUJER DE ANAN\u00cdAS, canci\u00f3n que, precisamente, me puso en contacto por primera vez con el Dr. Santos Calder\u00f3n gracias a su sorpresiva felicitaci\u00f3n telef\u00f3nica.<\/p>\n<p>&nbsp;<\/p>\n<p><img loading=\"lazy\" decoding=\"async\" class=\"aligncenter size-full wp-image-948\" title=\"JUAN MANUEL SANTOS\" src=\"https:\/\/lapiedrafilosofal.com\/wp-content\/uploads\/2011\/08\/JUAN-MANUEL-SANTOS-.jpg\" alt=\"JUAN MANUEL SANTOS\" width=\"1024\" height=\"680\" srcset=\"https:\/\/oscarhumbertogomez.com\/wp-content\/uploads\/2011\/08\/JUAN-MANUEL-SANTOS-.jpg 1024w, https:\/\/oscarhumbertogomez.com\/wp-content\/uploads\/2011\/08\/JUAN-MANUEL-SANTOS--300x199.jpg 300w\" sizes=\"auto, (max-width: 1024px) 100vw, 1024px\" \/><\/p>\n<p>&nbsp;<\/p>\n<p>Como ustedes recordar\u00e1n, por aquel entonces el ministro de la Protecci\u00f3n Social Diego Palacio Betancourt, en entrevista con el canal RCN y luego de escuchar, con una sonrisa, LA MUJER DE ANAN\u00cdAS, anunci\u00f3 p\u00fablicamente que vendr\u00eda, en los d\u00edas subsiguientes, &#8220;LA LEY ANAN\u00cdAS&#8221;.<\/p>\n<p>&nbsp;<\/p>\n<p><img loading=\"lazy\" decoding=\"async\" class=\"aligncenter size-full wp-image-949\" title=\"DIEGO PALACIO BETANCOURT\" src=\"https:\/\/lapiedrafilosofal.com\/wp-content\/uploads\/2011\/08\/DIEGO-PALACIO-BETANCOURT.jpg\" alt=\"DIEGO PALACIO BETANCOURT\" width=\"560\" height=\"373\" srcset=\"https:\/\/oscarhumbertogomez.com\/wp-content\/uploads\/2011\/08\/DIEGO-PALACIO-BETANCOURT.jpg 560w, https:\/\/oscarhumbertogomez.com\/wp-content\/uploads\/2011\/08\/DIEGO-PALACIO-BETANCOURT-300x199.jpg 300w\" sizes=\"auto, (max-width: 560px) 100vw, 560px\" \/><\/p>\n<p>&nbsp;<\/p>\n<p>Infortunadamente, aquella ley result\u00f3 un fiasco, porque no hab\u00eda nacido del deseo sincero del gobierno nacional de solucionar la crisis en la salud, denunciada en nuestra canci\u00f3n, vale decir, el errado concepto de la &#8220;salud-negocio&#8221;, ni buscaba retomar el sendero perdido y fortalecer la noci\u00f3n de la &#8220;salud-derecho fundamental&#8221; y la &#8220;salud-servicio p\u00fablico&#8221;, sino simplemente evitar el estallido de una crisis de naturaleza econ\u00f3mica derivada del ineficiente y corrupto manejo que a las astron\u00f3micas sumas destinadas a la salud hab\u00edan venido dando los voraces intermediarios creados por la nefasta Ley 100.<\/p>\n<p>Cuando cre\u00edamos que todo hab\u00eda sido en vano, y que LA MUJER DE ANAN\u00cdAS no pasar\u00eda de ser una canci\u00f3n de finales del a\u00f1o 2003, revivida en el 2009 solamente por motivaciones pol\u00edticas, nos sorprende gratamente el se\u00f1or presidente de la Rep\u00fablica con este feliz y esperanzador anuncio.<\/p>\n<p>Dice EL TIEMPO (S\u00e1bado 13 de agosto, p. 2) que la reforma que viene en camino est\u00e1 fundamentada &#8220;sobre tres principios: la salud es un derecho, la salud no es un negocio, y el aseguramiento de la poblaci\u00f3n es responsabilidad del Estado&#8221;.<\/p>\n<p>Ni m\u00e1s ni menos, lo que ven\u00edamos defendiendo con LA MUJER DE ANAN\u00cdAS.<\/p>\n<p>&nbsp;<\/p>\n<p><img loading=\"lazy\" decoding=\"async\" class=\"aligncenter size-full wp-image-950\" title=\"SALA HOSPITALARIA DE URGENCIAS\" src=\"https:\/\/lapiedrafilosofal.com\/wp-content\/uploads\/2011\/08\/SALA-HOSPITALARIA-DE-URGENCIAS-.jpg\" alt=\"SALA HOSPITALARIA DE URGENCIAS\" width=\"540\" height=\"360\" srcset=\"https:\/\/oscarhumbertogomez.com\/wp-content\/uploads\/2011\/08\/SALA-HOSPITALARIA-DE-URGENCIAS-.jpg 540w, https:\/\/oscarhumbertogomez.com\/wp-content\/uploads\/2011\/08\/SALA-HOSPITALARIA-DE-URGENCIAS--300x200.jpg 300w\" sizes=\"auto, (max-width: 540px) 100vw, 540px\" \/><\/p>\n<p>&nbsp;<\/p>\n<p>Pero hay algo m\u00e1s, que termin\u00f3, para nuestra alegr\u00eda, d\u00e1ndonos la raz\u00f3n. Es el criterio que critic\u00e1bamos seg\u00fan el cual nuestros impuestos no nos eran retribuidos en modo alguno en materia de salud, porque finalmente ten\u00edamos que pagar la atenci\u00f3n m\u00e9dica aparte de tributar, so pena de quedar desprotegidos. Pues bien, informa al respecto EL TIEMPO (<em>ib\u00eddem<\/em>) que &#8220;el Presidente expres\u00f3 que su gobierno alberga la intenci\u00f3n de buscar la forma de que la salud de la gente sea asumida por el Estado a trav\u00e9s de la tributaci\u00f3n, y no mediante cotizaciones de los afiliados, como ocurre hoy&#8221;.<\/p>\n<p>\u00a1Buena esa, se\u00f1or presidente!<\/p>\n<p>Y aprovechemos la ocasi\u00f3n para recordar a LA MUJER DE ANAN\u00cdAS. Den, por favor, clic izquierdo encima del enlace:<\/p>\n<p>&nbsp;<\/p>\n<p><a href=\"http:\/\/www.youtube.com\/watch?v=l0O7eEUnV5c&amp;feature=related\">http:\/\/www.youtube.com\/watch?v=l0O7eEUnV5c&amp;feature=related<\/a><\/p>\n<p>&nbsp;<\/p>\n","protected":false},"excerpt":{"rendered":"<p>&nbsp; Nos encontramos muy complacidos y a la expectativa frente al anuncio del se\u00f1or presidente de la Rep\u00fablica Dr. Juan Manuel Santos Calder\u00f3n seg\u00fan el cual va a orientar en un sentido completamente distinto el manejo de la salud en &hellip; <a href=\"https:\/\/oscarhumbertogomez.com\/?p=946\">Sigue leyendo <span class=\"meta-nav\">&rarr;<\/span><\/a><\/p>\n<div class='heateorSssClear'><\/div><div  class='heateor_sss_sharing_container heateor_sss_horizontal_sharing' heateor-sss-data-href='https:\/\/oscarhumbertogomez.com\/?p=946'><div class='heateor_sss_sharing_title' style=\"font-weight:bold\" >\u00a1Gracias por compartirla!<\/div><ul class=\"heateor_sss_sharing_ul\"><li class=\"heateorSssSharingRound\"><i style=\"width:35px;height:35px;border-radius:999px;\" alt=\"Facebook\" Title=\"Facebook\" class=\"heateorSssSharing heateorSssFacebookBackground\" onclick='heateorSssPopup(\"https:\/\/www.facebook.com\/sharer\/sharer.php?u=https%3A%2F%2Foscarhumbertogomez.com%2Findex.php%3Frest_route%3D%252Fwp%252Fv2%252Fposts%252F946\")'><ss style=\"display:block;border-radius:999px;\" class=\"heateorSssSharingSvg heateorSssFacebookSvg\"><\/ss><\/i><\/li><li class=\"heateorSssSharingRound\"><i style=\"width:35px;height:35px;border-radius:999px;\" alt=\"Twitter\" Title=\"Twitter\" class=\"heateorSssSharing heateorSssTwitterBackground\" onclick='heateorSssPopup(\"http:\/\/twitter.com\/intent\/tweet?text=Parece%20que%2C%20por%20fin%2C%20fueron%20escuchados%20los%20quejidos%20de%20dolor%20de%20LA%20MUJER%20DE%20ANAN%C3%8DAS.%20Por%20%C3%93scar%20Humberto%20G%C3%B3mez%20G%C3%B3mez&url=https%3A%2F%2Foscarhumbertogomez.com%2Findex.php%3Frest_route%3D%252Fwp%252Fv2%252Fposts%252F946\")'><ss style=\"display:block;border-radius:999px;\" class=\"heateorSssSharingSvg heateorSssTwitterSvg\"><\/ss><\/i><\/li><li class=\"heateorSssSharingRound\"><i style=\"width:35px;height:35px;border-radius:999px;\" alt=\"Whatsapp\" Title=\"Whatsapp\" class=\"heateorSssSharing heateorSssWhatsappBackground\" onclick='heateorSssPopup(\"https:\/\/web.whatsapp.com\/send?text=Parece%20que%2C%20por%20fin%2C%20fueron%20escuchados%20los%20quejidos%20de%20dolor%20de%20LA%20MUJER%20DE%20ANAN%C3%8DAS.%20Por%20%C3%93scar%20Humberto%20G%C3%B3mez%20G%C3%B3mez https%3A%2F%2Foscarhumbertogomez.com%2Findex.php%3Frest_route%3D%252Fwp%252Fv2%252Fposts%252F946\")'><ss style=\"display:block\" class=\"heateorSssSharingSvg heateorSssWhatsappSvg\"><\/ss><\/i><\/li><li class=\"heateorSssSharingRound\"><i style=\"width:35px;height:35px;border-radius:999px;\" alt=\"Pinterest\" Title=\"Pinterest\" class=\"heateorSssSharing heateorSssPinterestBackground\" onclick=\"javascript:void( (function() {var e=document.createElement('script' );e.setAttribute('type','text\/javascript' );e.setAttribute('charset','UTF-8' );e.setAttribute('src','\/\/assets.pinterest.com\/js\/pinmarklet.js?r='+Math.random()*99999999);document.body.appendChild(e)})());\"><ss style=\"display:block;border-radius:999px;\" class=\"heateorSssSharingSvg heateorSssPinterestSvg\"><\/ss><\/i><\/li><li class=\"heateorSssSharingRound\"><i style=\"width:35px;height:35px;border-radius:999px;\" alt=\"Google Gmail\" Title=\"Google Gmail\" class=\"heateorSssSharing heateorSssGoogleGmailBackground\" onclick='heateorSssPopup(\"https:\/\/mail.google.com\/mail\/?ui=2&view=cm&fs=1&tf=1&su=Parece%20que%2C%20por%20fin%2C%20fueron%20escuchados%20los%20quejidos%20de%20dolor%20de%20LA%20MUJER%20DE%20ANAN%C3%8DAS.%20Por%20%C3%93scar%20Humberto%20G%C3%B3mez%20G%C3%B3mez&body=Link:https%3A%2F%2Foscarhumbertogomez.com%2Findex.php%3Frest_route%3D%252Fwp%252Fv2%252Fposts%252F946\")'><ss style=\"display:block;border-radius:999px;\" class=\"heateorSssSharingSvg heateorSssGoogleGmailSvg\"><\/ss><\/i><\/li><li class=\"heateorSssSharingRound\"><i style=\"width:35px;height:35px;border-radius:999px;\" title=\"More\" alt=\"More\" class=\"heateorSssSharing heateorSssMoreBackground\" onclick=\"heateorSssMoreSharingPopup(this, 'https:\/\/oscarhumbertogomez.com\/index.php?rest_route=%2Fwp%2Fv2%2Fposts%2F946', 'Parece%20que%2C%20por%20fin%2C%20fueron%20escuchados%20los%20quejidos%20de%20dolor%20de%20LA%20MUJER%20DE%20ANAN%C3%8DAS.%20Por%20%C3%93scar%20Humberto%20G%C3%B3mez%20G%C3%B3mez', '' )\" ><ss style=\"display:block\" class=\"heateorSssSharingSvg heateorSssMoreSvg\"><\/ss><\/i><\/li><\/ul><div class=\"heateorSssClear\"><\/div><\/div><div class='heateorSssClear'><\/div>","protected":false},"author":2,"featured_media":0,"comment_status":"open","ping_status":"open","sticky":false,"template":"","format":"standard","meta":{"spay_email":"","footnotes":""},"categories":[1],"tags":[],"class_list":["post-946","post","type-post","status-publish","format-standard","hentry","category-blog"],"jetpack_featured_media_url":"","jetpack_shortlink":"https:\/\/wp.me\/p1FYrr-fg","_links":{"self":[{"href":"https:\/\/oscarhumbertogomez.com\/index.php?rest_route=\/wp\/v2\/posts\/946","targetHints":{"allow":["GET"]}}],"collection":[{"href":"https:\/\/oscarhumbertogomez.com\/index.php?rest_route=\/wp\/v2\/posts"}],"about":[{"href":"https:\/\/oscarhumbertogomez.com\/index.php?rest_route=\/wp\/v2\/types\/post"}],"author":[{"embeddable":true,"href":"https:\/\/oscarhumbertogomez.com\/index.php?rest_route=\/wp\/v2\/users\/2"}],"replies":[{"embeddable":true,"href":"https:\/\/oscarhumbertogomez.com\/index.php?rest_route=%2Fwp%2Fv2%2Fcomments&post=946"}],"version-history":[{"count":5,"href":"https:\/\/oscarhumbertogomez.com\/index.php?rest_route=\/wp\/v2\/posts\/946\/revisions"}],"predecessor-version":[{"id":53331,"href":"https:\/\/oscarhumbertogomez.com\/index.php?rest_route=\/wp\/v2\/posts\/946\/revisions\/53331"}],"wp:attachment":[{"href":"https:\/\/oscarhumbertogomez.com\/index.php?rest_route=%2Fwp%2Fv2%2Fmedia&parent=946"}],"wp:term":[{"taxonomy":"category","embeddable":true,"href":"https:\/\/oscarhumbertogomez.com\/index.php?rest_route=%2Fwp%2Fv2%2Fcategories&post=946"},{"taxonomy":"post_tag","embeddable":true,"href":"https:\/\/oscarhumbertogomez.com\/index.php?rest_route=%2Fwp%2Fv2%2Ftags&post=946"}],"curies":[{"name":"wp","href":"https:\/\/api.w.org\/{rel}","templated":true}]}}