{"id":9761,"date":"2013-09-09T22:02:16","date_gmt":"2013-09-10T03:02:16","guid":{"rendered":"http:\/\/www.oscarhumbertogomez.com\/?p=9761"},"modified":"2019-11-11T16:45:26","modified_gmt":"2019-11-11T21:45:26","slug":"el-ambientalista-orlando-beltran-quesada-elegido-miembro-de-la-junta-directiva-del-area-metropolitana-de-bucaramanga","status":"publish","type":"post","link":"https:\/\/oscarhumbertogomez.com\/?p=9761","title":{"rendered":"El ambientalista Orlando Beltr\u00e1n Quesada elegido miembro de la Junta Directiva del \u00c1rea Metropolitana de Bucaramanga"},"content":{"rendered":"<div id=\"attachment_9762\" style=\"width: 417px\" class=\"wp-caption aligncenter\"><img loading=\"lazy\" decoding=\"async\" aria-describedby=\"caption-attachment-9762\" class=\"size-full wp-image-9762\" title=\"ORLANDO BELTR\u00c1N\" src=\"https:\/\/lapiedrafilosofal.com\/wp-content\/uploads\/2013\/09\/ORLANDO-BELTR\u00c1N.png\" alt=\"\" width=\"407\" height=\"428\" srcset=\"https:\/\/oscarhumbertogomez.com\/wp-content\/uploads\/2013\/09\/ORLANDO-BELTR\u00c1N.png 407w, https:\/\/oscarhumbertogomez.com\/wp-content\/uploads\/2013\/09\/ORLANDO-BELTR\u00c1N-285x300.png 285w\" sizes=\"auto, (max-width: 407px) 100vw, 407px\" \/><p id=\"caption-attachment-9762\" class=\"wp-caption-text\">DR. ORLANDO BELTR\u00c1N QUESADA, EMPRESARIO Y AMBIENTALISTA SANTANDEREANO, DEFENSOR DE LOS ANIMALES Y PRESIDENTE DE LA ASOCIACI\u00d3N PARA LA DEFENSA DE LOS ANIMALES Y LA NATURALEZA (AD\u00c1N), AHORA MIEMBRO DE LA JUNTA DIRECTIVA DEL \u00c1REA METROPOLITANA DE BUCARAMANGA.<\/p><\/div>\n<p><strong>&nbsp;<\/strong><\/p>\n<p><em>El reconocido empresario y defensor de los animales y de la naturaleza Orlando Beltr\u00e1n Quesada fue elegido nuevo miembro de la Junta Directiva del \u00c1rea Metropolitana de Bucaramanga. La entidad expidi\u00f3 el siguiente bolet\u00edn de prensa:<\/em><\/p>\n<p><strong>&nbsp;<\/strong><\/p>\n<p>Bucaramanga, viernes 6 de septiembre de 2013: El reconocido ambientalista y defensor de animales, Orlando Beltr\u00e1n Quesada, fue elegido como integrante de la Junta del \u00c1rea Metropolitana de Bucaramanga.<br \/>\nLa designaci\u00f3n de Beltr\u00e1n Quesada se hizo en desarrollo de una sesi\u00f3n especial convocada este viernes para la elecci\u00f3n del representante de las ONG ambientalistas, seg\u00fan lo establecido en nuevo el r\u00e9gimen de \u00e1reas metropolitanas (Ley 1625 de 2013).<br \/>\nBeltr\u00e1n Quesada, actual Director de la Asociaci\u00f3n Defensora de Animales y la Naturaleza, ADAN, obtuvo la mayor\u00eda de votos frente a los otros candidatos habilitados: Herman Ram\u00edrez Ram\u00edrez, representante de la ONG Ecojoven, y Hugo Josu\u00e9 Hern\u00e1ndez Pinz\u00f3n de Cooperativa de Trabajo Asociado Asesorar Ltda.<br \/>\nEn la elecci\u00f3n participaron tambi\u00e9n los delegados de la Asociaci\u00f3n de Gestores para el Desarrollo Integral Sostenible, Agedis; Grupo Ambiental Manto Verde y la Asociaci\u00f3n de Profesionales de la Miner\u00eda y Medio Ambiente de Colombia, Promisander.<br \/>\nEl nuevo integrante de la Junta Metropolitana es experto en Desarrollo Sostenible y Legislaci\u00f3n Animal, profesor de las Unidades Tecnol\u00f3gicas de Santander y se ha distinguido por ser un activo dirigente que ha liderado la Defensa P\u00e1ramo de Santurb\u00e1n.<br \/>\n\u201cEste es un nuevo reto por los verdaderos principios ambientales, con la honestidad, el car\u00e1cter, la independencia y la verticalidad que siempre me han caracterizado, para bien de nuestra ciudad, nuestro futuro sostenible en armon\u00eda con la madre naturaleza y por mejores d\u00edas para nuestros sufridos hermanos menores, causa y gu\u00eda de mi lucha personal por un mejor ma\u00f1ana para todos\u201d, expres\u00f3 Beltr\u00e1n Quesada.<\/p>\n<p><strong>&nbsp;<\/strong><\/p>\n<div id=\"attachment_9763\" style=\"width: 324px\" class=\"wp-caption aligncenter\"><img loading=\"lazy\" decoding=\"async\" aria-describedby=\"caption-attachment-9763\" class=\"size-full wp-image-9763\" title=\"ORLANDO BELTR\u00c1N II\" src=\"https:\/\/lapiedrafilosofal.com\/wp-content\/uploads\/2013\/09\/ORLANDO-BELTR\u00c1N-II.png\" alt=\"\" width=\"314\" height=\"471\" srcset=\"https:\/\/oscarhumbertogomez.com\/wp-content\/uploads\/2013\/09\/ORLANDO-BELTR\u00c1N-II.png 314w, https:\/\/oscarhumbertogomez.com\/wp-content\/uploads\/2013\/09\/ORLANDO-BELTR\u00c1N-II-200x300.png 200w\" sizes=\"auto, (max-width: 314px) 100vw, 314px\" \/><p id=\"caption-attachment-9763\" class=\"wp-caption-text\">EL DR. ORLANDO BELTR\u00c1N QUESADA CON LOS QUE \u00c9L LLAMA SUS &#8220;HERMANOS MENORES&#8221;, A CUYA DEFENSA HA DEDICADO BUENA PARTE DE SU VIDA.<\/p><\/div>\n<p><strong>&nbsp;<\/strong><\/p>\n<p><span style=\"color: #ff0000;\"><strong>Proceso transparente y democr\u00e1tico<\/strong><\/span><\/p>\n<p><strong>&nbsp;<\/strong><\/p>\n<p>La elecci\u00f3n se dio luego de que los candidatos habilitados expusieron sus prop\u00f3sitos ambientales durante diez minutos. Concluidas las intervenciones se realiz\u00f3 la votaci\u00f3n entre los representantes legales de las ONG que cumplieron con los requisitos.<br \/>\nDe los resultados de la elecci\u00f3n se dej\u00f3 constancia en el acta de Junta celebrada para tal fin y se anex\u00f3 el escrutinio junto con la firma de los representantes legales que votaron.<\/p>\n<p><strong>&nbsp;<\/strong><\/p>\n<p><img loading=\"lazy\" decoding=\"async\" class=\"aligncenter size-full wp-image-9764\" title=\"JES\u00daS DEFENSOR DE LOS ANIMALES\" src=\"https:\/\/lapiedrafilosofal.com\/wp-content\/uploads\/2013\/09\/JES\u00daS-DEFENSOR-DE-LOS-ANIMALES.jpg\" alt=\"\" width=\"476\" height=\"607\" srcset=\"https:\/\/oscarhumbertogomez.com\/wp-content\/uploads\/2013\/09\/JES\u00daS-DEFENSOR-DE-LOS-ANIMALES.jpg 476w, https:\/\/oscarhumbertogomez.com\/wp-content\/uploads\/2013\/09\/JES\u00daS-DEFENSOR-DE-LOS-ANIMALES-235x300.jpg 235w\" sizes=\"auto, (max-width: 476px) 100vw, 476px\" \/><\/p>\n<p><strong>&nbsp;<\/strong><\/p>\n<p>&#8220;Entonces el lobo y el cordero ir\u00e1n juntos, y la pantera se tumbar\u00e1 con el cabrito, el novillo y el le\u00f3n engordar\u00e1n juntos; un chiquillo los pastorear\u00e1; la vaca pastar\u00e1 con el oso, sus cr\u00edas se tumbar\u00e1n juntas, el le\u00f3n comer\u00e1 paja como el buey. El ni\u00f1o jugar\u00e1 en la hura del \u00e1spid, la criatura meter\u00e1 la mano en el escondrijo de la serpiente. No har\u00e1n da\u00f1o ni estrago por todo mi Monte Santo, porque se llenar\u00e1 el pa\u00eds de conocimiento del Se\u00f1or, como colman las aguas el mar.&#8221; ISA\u00cdAS, 11:6<\/p>\n<p><strong>&nbsp;<\/strong><br \/>\n_______<\/p>\n<p><strong>&nbsp;<\/strong><\/p>\n<p><em><span style=\"color: #ff0000;\"><strong>NOTA DEL PORTAL:<\/strong><\/span> Nuestro portal felicita p\u00fablicamente al distinguido empresario y luchador de la causa de la naturaleza y los animales, y le augura muchos \u00e9xitos en esta nueva etapa de su vida. Creemos que lo m\u00e1s l\u00f3gico es que personas comprometidas como \u00e9l sean las que colmen las instituciones del Estado dedicadas a la defensa del medio ambiente y de nuestras riquezas naturales. En efecto, como lo sugiere el texto complementario del bolet\u00edn de prensa, defender la vida es defender la presencia de Dios en el mundo, abrir el camino hacia una sociedad mejor e ir posibilitando la hermosa utop\u00eda de un estado de cosas en el que todos los pobladores de la Tierra, por diferentes que seamos, podamos convivir a pesar de haber sido alguna vez enemigos irreconciliables.<\/em><\/p>\n<p>&nbsp;<\/p>\n<p>&nbsp;<\/p>\n","protected":false},"excerpt":{"rendered":"<p>&nbsp; El reconocido empresario y defensor de los animales y de la naturaleza Orlando Beltr\u00e1n Quesada fue elegido nuevo miembro de la Junta Directiva del \u00c1rea Metropolitana de Bucaramanga. La entidad expidi\u00f3 el siguiente bolet\u00edn de prensa: &nbsp; Bucaramanga, viernes &hellip; <a href=\"https:\/\/oscarhumbertogomez.com\/?p=9761\">Sigue leyendo <span class=\"meta-nav\">&rarr;<\/span><\/a><\/p>\n<div class='heateorSssClear'><\/div><div  class='heateor_sss_sharing_container heateor_sss_horizontal_sharing' heateor-sss-data-href='https:\/\/oscarhumbertogomez.com\/?p=9761'><div class='heateor_sss_sharing_title' style=\"font-weight:bold\" >\u00a1Gracias por compartirla!<\/div><ul class=\"heateor_sss_sharing_ul\"><li class=\"heateorSssSharingRound\"><i style=\"width:35px;height:35px;border-radius:999px;\" alt=\"Facebook\" Title=\"Facebook\" class=\"heateorSssSharing heateorSssFacebookBackground\" onclick='heateorSssPopup(\"https:\/\/www.facebook.com\/sharer\/sharer.php?u=https%3A%2F%2Foscarhumbertogomez.com%2Findex.php%3Frest_route%3D%252Fwp%252Fv2%252Fposts%252F9761\")'><ss style=\"display:block;border-radius:999px;\" class=\"heateorSssSharingSvg heateorSssFacebookSvg\"><\/ss><\/i><\/li><li class=\"heateorSssSharingRound\"><i style=\"width:35px;height:35px;border-radius:999px;\" alt=\"Twitter\" Title=\"Twitter\" class=\"heateorSssSharing heateorSssTwitterBackground\" onclick='heateorSssPopup(\"http:\/\/twitter.com\/intent\/tweet?text=El%20ambientalista%20Orlando%20Beltr%C3%A1n%20Quesada%20elegido%20miembro%20de%20la%20Junta%20Directiva%20del%20%C3%81rea%20Metropolitana%20de%20Bucaramanga&url=https%3A%2F%2Foscarhumbertogomez.com%2Findex.php%3Frest_route%3D%252Fwp%252Fv2%252Fposts%252F9761\")'><ss style=\"display:block;border-radius:999px;\" class=\"heateorSssSharingSvg heateorSssTwitterSvg\"><\/ss><\/i><\/li><li class=\"heateorSssSharingRound\"><i style=\"width:35px;height:35px;border-radius:999px;\" alt=\"Whatsapp\" Title=\"Whatsapp\" class=\"heateorSssSharing heateorSssWhatsappBackground\" onclick='heateorSssPopup(\"https:\/\/web.whatsapp.com\/send?text=El%20ambientalista%20Orlando%20Beltr%C3%A1n%20Quesada%20elegido%20miembro%20de%20la%20Junta%20Directiva%20del%20%C3%81rea%20Metropolitana%20de%20Bucaramanga https%3A%2F%2Foscarhumbertogomez.com%2Findex.php%3Frest_route%3D%252Fwp%252Fv2%252Fposts%252F9761\")'><ss style=\"display:block\" class=\"heateorSssSharingSvg heateorSssWhatsappSvg\"><\/ss><\/i><\/li><li class=\"heateorSssSharingRound\"><i style=\"width:35px;height:35px;border-radius:999px;\" alt=\"Pinterest\" Title=\"Pinterest\" class=\"heateorSssSharing heateorSssPinterestBackground\" onclick=\"javascript:void( (function() {var e=document.createElement('script' );e.setAttribute('type','text\/javascript' );e.setAttribute('charset','UTF-8' );e.setAttribute('src','\/\/assets.pinterest.com\/js\/pinmarklet.js?r='+Math.random()*99999999);document.body.appendChild(e)})());\"><ss style=\"display:block;border-radius:999px;\" class=\"heateorSssSharingSvg heateorSssPinterestSvg\"><\/ss><\/i><\/li><li class=\"heateorSssSharingRound\"><i style=\"width:35px;height:35px;border-radius:999px;\" alt=\"Google Gmail\" Title=\"Google Gmail\" class=\"heateorSssSharing heateorSssGoogleGmailBackground\" onclick='heateorSssPopup(\"https:\/\/mail.google.com\/mail\/?ui=2&view=cm&fs=1&tf=1&su=El%20ambientalista%20Orlando%20Beltr%C3%A1n%20Quesada%20elegido%20miembro%20de%20la%20Junta%20Directiva%20del%20%C3%81rea%20Metropolitana%20de%20Bucaramanga&body=Link:https%3A%2F%2Foscarhumbertogomez.com%2Findex.php%3Frest_route%3D%252Fwp%252Fv2%252Fposts%252F9761\")'><ss style=\"display:block;border-radius:999px;\" class=\"heateorSssSharingSvg heateorSssGoogleGmailSvg\"><\/ss><\/i><\/li><li class=\"heateorSssSharingRound\"><i style=\"width:35px;height:35px;border-radius:999px;\" title=\"More\" alt=\"More\" class=\"heateorSssSharing heateorSssMoreBackground\" onclick=\"heateorSssMoreSharingPopup(this, 'https:\/\/oscarhumbertogomez.com\/index.php?rest_route=%2Fwp%2Fv2%2Fposts%2F9761', 'El%20ambientalista%20Orlando%20Beltr%C3%A1n%20Quesada%20elegido%20miembro%20de%20la%20Junta%20Directiva%20del%20%C3%81rea%20Metropolitana%20de%20Bucaramanga', '' )\" ><ss style=\"display:block\" class=\"heateorSssSharingSvg heateorSssMoreSvg\"><\/ss><\/i><\/li><\/ul><div class=\"heateorSssClear\"><\/div><\/div><div class='heateorSssClear'><\/div>","protected":false},"author":2,"featured_media":0,"comment_status":"open","ping_status":"open","sticky":false,"template":"","format":"standard","meta":{"spay_email":"","footnotes":""},"categories":[18],"tags":[],"class_list":["post-9761","post","type-post","status-publish","format-standard","hentry","category-ecologia"],"jetpack_featured_media_url":"","jetpack_shortlink":"https:\/\/wp.me\/p1FYrr-2xr","_links":{"self":[{"href":"https:\/\/oscarhumbertogomez.com\/index.php?rest_route=\/wp\/v2\/posts\/9761","targetHints":{"allow":["GET"]}}],"collection":[{"href":"https:\/\/oscarhumbertogomez.com\/index.php?rest_route=\/wp\/v2\/posts"}],"about":[{"href":"https:\/\/oscarhumbertogomez.com\/index.php?rest_route=\/wp\/v2\/types\/post"}],"author":[{"embeddable":true,"href":"https:\/\/oscarhumbertogomez.com\/index.php?rest_route=\/wp\/v2\/users\/2"}],"replies":[{"embeddable":true,"href":"https:\/\/oscarhumbertogomez.com\/index.php?rest_route=%2Fwp%2Fv2%2Fcomments&post=9761"}],"version-history":[{"count":4,"href":"https:\/\/oscarhumbertogomez.com\/index.php?rest_route=\/wp\/v2\/posts\/9761\/revisions"}],"predecessor-version":[{"id":30929,"href":"https:\/\/oscarhumbertogomez.com\/index.php?rest_route=\/wp\/v2\/posts\/9761\/revisions\/30929"}],"wp:attachment":[{"href":"https:\/\/oscarhumbertogomez.com\/index.php?rest_route=%2Fwp%2Fv2%2Fmedia&parent=9761"}],"wp:term":[{"taxonomy":"category","embeddable":true,"href":"https:\/\/oscarhumbertogomez.com\/index.php?rest_route=%2Fwp%2Fv2%2Fcategories&post=9761"},{"taxonomy":"post_tag","embeddable":true,"href":"https:\/\/oscarhumbertogomez.com\/index.php?rest_route=%2Fwp%2Fv2%2Ftags&post=9761"}],"curies":[{"name":"wp","href":"https:\/\/api.w.org\/{rel}","templated":true}]}}