{"id":9802,"date":"2013-09-14T10:50:14","date_gmt":"2013-09-14T15:50:14","guid":{"rendered":"http:\/\/www.oscarhumbertogomez.com\/?p=9802"},"modified":"2025-03-09T22:56:13","modified_gmt":"2025-03-10T03:56:13","slug":"santander-una-tierra-y-un-pueblo-excluidos-de-la-historia-por-oscar-humberto-gomez-gomez","status":"publish","type":"post","link":"https:\/\/oscarhumbertogomez.com\/?p=9802","title":{"rendered":"Santander, una tierra y un pueblo excluidos de la Historia. Por \u00d3scar Humberto G\u00f3mez G\u00f3mez"},"content":{"rendered":"<div id=\"attachment_49906\" style=\"width: 650px\" class=\"wp-caption aligncenter\"><img loading=\"lazy\" decoding=\"async\" aria-describedby=\"caption-attachment-49906\" class=\"size-large wp-image-49906\" src=\"https:\/\/oscarhumbertogomez.com\/wp-content\/uploads\/2011\/06\/WhatsApp-Image-2025-01-19-at-16.33.19-1024x690.jpeg\" alt=\"\" width=\"640\" height=\"431\" srcset=\"https:\/\/oscarhumbertogomez.com\/wp-content\/uploads\/2011\/06\/WhatsApp-Image-2025-01-19-at-16.33.19-1024x690.jpeg 1024w, https:\/\/oscarhumbertogomez.com\/wp-content\/uploads\/2011\/06\/WhatsApp-Image-2025-01-19-at-16.33.19-300x202.jpeg 300w, https:\/\/oscarhumbertogomez.com\/wp-content\/uploads\/2011\/06\/WhatsApp-Image-2025-01-19-at-16.33.19-768x517.jpeg 768w, https:\/\/oscarhumbertogomez.com\/wp-content\/uploads\/2011\/06\/WhatsApp-Image-2025-01-19-at-16.33.19.jpeg 1280w\" sizes=\"auto, (max-width: 640px) 100vw, 640px\" \/><p id=\"caption-attachment-49906\" class=\"wp-caption-text\">\u00d3SCAR HUMBERTO G\u00d3MEZ G\u00d3MEZ. Fotograf\u00eda de Nylse Blackburn. 2009<\/p><\/div>\n<p>&nbsp;<\/p>\n<p>Cuando se escribe la Historia, hay que tener mucho cuidado en no dejar por fuera a figuras representativas de aquello sobre lo cual se est\u00e1 escribiendo, porque la omisi\u00f3n de un nombre o de un hecho puede dar al traste con el rigor, la seriedad y la respetabilidad misma de la investigaci\u00f3n, la monograf\u00eda o el tratado que se escriba.<br \/>\nSantander no ha tenido suerte en esto. Los santandereanos son siempre excluidos de los relatos y las cr\u00f3nicas acerca de los m\u00e1s diversos temas, a pesar de que cuando se examina el asunto aparecen estas tierras y estos pueblos como, precisamente, los m\u00e1s destacados protagonistas de la historia.<br \/>\nAs\u00ed, por ejemplo, acerca de la traducci\u00f3n, publicaci\u00f3n y divulgaci\u00f3n de los Derechos del Hombre se menciona siempre al santafere\u00f1o don Antonio Nari\u00f1o, pero jam\u00e1s al santandereano don Pedro Ferm\u00edn de Vargas; el general Bol\u00edvar, no obstante ser el magn\u00edfico y prol\u00edfico escritor que fue, nunca escribi\u00f3 un rengl\u00f3n exaltando a los Comuneros santandereanos como los antecesores de la sublevaci\u00f3n contra Espa\u00f1a que condujo a la Guerra de Independencia, ni lo hizo patriota alguno de aquella \u00e9poca, y si no es porque un viajero espa\u00f1ol, don Manuel Anc\u00edzar, llega en 1850 a estas tierras y en El Socorro se entera de lo que por aqu\u00ed hab\u00eda sucedido en 1781 y lo relata en una obra llamada <em>Peregrinaci\u00f3n de Alpha<\/em>, es probable que nombres como el de Jos\u00e9 Antonio Gal\u00e1n se hubieran quedado en el olvido; en lo que respecta a la batalla decisiva que posibilit\u00f3 la Independencia, todo el mundo se explaya en hablar de la Batalla de Boyac\u00e1 el 7 de agosto de 1819, pero ni en los textos de Henao y Arrubla, ni en los de nadie, dice -ni por atisbo- que si no es por la Batalla del Pienta, en Charal\u00e1 \/ Santander, el 4 de agosto, en la que el pueblo santandereano intercept\u00f3 a las tropas del coronel Lucas Gonz\u00e1lez que iban a reforzar las de Jos\u00e9 Mar\u00eda Barreiro, el triunfo sobre el r\u00edo Teatinos no hubiese sido para los patriotas, sino para Espa\u00f1a; se dice y se repite cada a\u00f1o que el Grito de Independencia fue el 20 de julio de 1810 en Santa Fe cuando, en realidad, antes del 20 de julio ya se hab\u00eda dado el Grito de Independencia en Santander, concretamente en El Socorro (10 de julio de 1810), e incluso m\u00e1s antes en Pamplona (4 de julio de 1810); de los libros que han pretendido describir la historia de la m\u00fasica en Colombia han sido dejados por fuera figuras como Pacho Benavides, de V\u00e9lez \/Santander, Lelio Olarte, de Puente Nacional\/Santander, Gustavo G\u00f3mez Ardila, de Zapatoca \/Santander, Pablus Gallinazo, de Piedecuesta \/Santander, Jorge Ariza, de Bol\u00edvar \/Santander, Los Luceros de Oiba, de Oiba\/Santander y, en fin, para no alargarnos m\u00e1s de lo largo que ya est\u00e1 esto, redondeemos diciendo que la historia de la industria nacional se escribe dejando por fuera a Forjas de Colombia y la historia de cualquier cosa siempre se escribe omitiendo a Santander.<\/p>\n<p>Cuando, en cambio, de lo que se trata es de exaltar a alg\u00fan santandereano destacado -destacado en el mejor sentido de la palabra, por supuesto- se niega su origen santandereano y se insiste en asign\u00e1rselo a otra regi\u00f3n. As\u00ed, de Jos\u00e9 A. Morales se sembr\u00f3 la duda de que no era santandereano, que no hab\u00eda nacido en El Socorro, sino en Tocaima (otros dicen que en Guaduas), y el diario bogotano <em>El Espectador&nbsp;<\/em>(bogotano hoy en d\u00eda, porque inicialmente fue antioque\u00f1o), en una serie de cuadernillos publicada hace unos a\u00f1os no tuvo \u00f3bice alguno para, sin ning\u00fan rigor hist\u00f3rico, aseverar tajantemente que el insigne m\u00fasico era cundinamarqu\u00e9s, de Tocaima \/ Cundinamarca, afirmaci\u00f3n que, por supuesto, se comieron entera sus millones de lectores a lo largo y ancho del pa\u00eds, y -para acabar de completar- el maestro Jaime Rico Salazar en su extensa, documentada, colorida y hermosa obra &nbsp;<em>La canci\u00f3n colombiana. Su historia, sus compositores y sus mejores int\u00e9rpretes<\/em>&nbsp;anot\u00f3 que &#8220;definitivamente&#8221; Jos\u00e9 A. Morales no naci\u00f3 en El Socorro, versiones todas que, afortunadamente, una reciente, documentada, amena y juiciosa investigaci\u00f3n de Puno Ardila Amaya ha echado por tierra gracias a que, c\u00e9dula de ciudadan\u00eda en mano, ha demostrado que el estupendo compositor y cantor colombiano s\u00ed era santandereano, porque naci\u00f3 en El Socorro \/ Santander, as\u00ed como yo nac\u00ed en Bucaramanga y ustedes, querido lector y querida lectora, nacieron donde nacieron.<\/p>\n<p>Claro que si es al contrario, es decir, si de quien se habla es de alg\u00fan p\u00edcaro redomado o de alg\u00fan criminal de siete suelas, entonces ah\u00ed s\u00ed nos lo asignan a dedo con el m\u00e1s grande entusiasmo y sin consultar archivos. &nbsp;Del asesino autor de la matanza de la pizzer\u00eda &#8220;Pozzetto&#8221; en Bogot\u00e1 Campo El\u00edas Delgado se propag\u00f3 desde el principio que era bumangu\u00e9s y se rememor\u00f3, una vez y otra, que el pap\u00e1 del peligroso psic\u00f3tico incluso se hab\u00eda suicidado en el parque Romero de Bucaramanga.<\/p>\n<p>Pues bien: escribo estas l\u00edneas a prop\u00f3sito de un libro que he terminado de leer. &nbsp;Ocurre que Carolina Jaramillo Seligmann, bajo el t\u00edtulo &#8220;f\u00fatbol (sic) en Colombia&#8221; de Villegas Editores recopil\u00f3 la historia del balompi\u00e9 colombiano en un libro de formato cuadrado, lleno de fotograf\u00edas en blanco y negro y a todo color, que sintetiza el devenir de este popular deporte desde 1924 cuando &#8220;Comienza a rodar el bal\u00f3n&#8221; con los &#8220;Inicios del profesionalismo&#8221;, pasando por 1945 &#8220;Suramericano de Chile. Primera salida internacional&#8221; y mencionando a Alfonso Senior, dirigente deportivo, a Efra\u00edn &#8220;Caim\u00e1n S\u00e1nchez&#8221;, &#8220;1948: Primer campeonato. Santa Fe campe\u00f3n&#8221;, &#8220;El Dorado (1949-1954)&#8221;, &#8220;Adolfo Pedernera &#8220;El maestro&#8221;, &#8220;Alfredo Di St\u00e9fano &#8220;La saeta rubia&#8221;, &#8220;Gabriel Ochoa Uribe&#8221;, &#8220;1960 Primera Copa Libertadores&#8221;, hasta llegar a los de ahora, &#8220;Francisco Maturana&#8221;, &#8220;Hern\u00e1n Dar\u00edo G\u00f3mez&#8221;, etc\u00e9tera.<\/p>\n<p>Pero, como hemos dicho, hay omisiones que resultan inaceptables y que debilitan la fuerza de la credibilidad de cualquier investigaci\u00f3n. No s\u00e9 si porque falt\u00f3 mayor rigor hist\u00f3rico, o porque en estos libros se zanjan antipat\u00edas o se enfatizan simpat\u00edas personales o regionales, o porque solamente se hacen para exaltar a ciertos sectores, o porque se trata de libros escritos por encargo, o por qu\u00e9, pero lo cierto fue que &#8220;F\u00fatbol en Colombia&#8221; dej\u00f3 por fuera a uno de los m\u00e1s talentosos jugadores de balompi\u00e9 que han pasado por el f\u00fatbol colombiano (para algunos el m\u00e1s talentoso), m\u00e1s exactamente por el equipo Atl\u00e9tico Bucaramanga. Me refiero a don&nbsp;<strong>Jos\u00e9 Am\u00e9rico Montanini<\/strong> o, como le dice la mayor\u00eda, Am\u00e9rico Montanini o, como le digo yo, el se\u00f1or Montanini, en todo caso me refiero, digo, a ese magn\u00edfico futbolista llegado de Argentina luego de ser excluido por el River Plate debido a una lesi\u00f3n de columna y quien, enrolado en el Atl\u00e9tico Bucaramanga, lleg\u00f3 a convertirse en el mayor goleador del torneo rentado en 1958, en uno de los mayores goleadores del f\u00fatbol profesional colombiano, en &#8220;La Bordadora&#8221; de la que habl\u00f3 el maestro de la locuci\u00f3n deportiva don Carlos Arturo Rueda C., y en el jugador que en la sola tarde del domingo 21 de diciembre de 1958 marc\u00f3 5 goles en un mismo partido profesional, concretamente en el partido final entre Atl\u00e9tico Bucaramanga y Deportes Tolima, todo lo cual posibilit\u00f3 que el equipo de nuestra ciudad quedara ubicado ese a\u00f1o en el 3er puesto del torneo.<\/p>\n<p>&nbsp;<\/p>\n<p><img loading=\"lazy\" decoding=\"async\" class=\"aligncenter size-full wp-image-24024\" src=\"https:\/\/lapiedrafilosofal.com\/wp-content\/uploads\/2016\/07\/MONTANINI-.jpg\" alt=\"\" width=\"669\" height=\"771\" srcset=\"https:\/\/oscarhumbertogomez.com\/wp-content\/uploads\/2016\/07\/MONTANINI-.jpg 669w, https:\/\/oscarhumbertogomez.com\/wp-content\/uploads\/2016\/07\/MONTANINI--260x300.jpg 260w\" sizes=\"auto, (max-width: 669px) 100vw, 669px\" \/><\/p>\n<p>&nbsp;<\/p>\n<p>Y sea del caso precisar que si al hablar de la discriminaci\u00f3n contra Santander menciono el desconocimiento de Montanini, a pesar de haber nacido en Argentina, es no solo porque el extraordinario jugador de f\u00fatbol ya es tan santandereano como las obleas de Floridablanca, o las piedras de Villanueva y Barichara, o los chorizos del Valle de San Jos\u00e9, o las cocadas de Gir\u00f3n, o el bocadillo de V\u00e9lez y Barbosa, o el cacao de San Vicente de Chucur\u00ed, o los cafetos de Rionegro, o los hilados de San Jos\u00e9 de Suaita, que, por cierto, ameritan una historia aparte, (Montanini cumpli\u00f3 este a\u00f1o los 80 de vida y&nbsp;<strong>57<\/strong>&nbsp;de haber llegado a Bucaramanga para quedarse por siempre, pues lleg\u00f3 en setiembre de 1956, cuando el autor de estas l\u00edneas no hab\u00eda cumplido todav\u00eda el primer a\u00f1o de existencia) sino porque, adem\u00e1s,&nbsp;con ello se contribuye a desconocer lo que fue la presencia del Atl\u00e9tico Bucaramanga en el f\u00fatbol nacional.<\/p>\n<p>&nbsp;<\/p>\n<p><img loading=\"lazy\" decoding=\"async\" class=\"aligncenter size-large wp-image-24025\" src=\"https:\/\/lapiedrafilosofal.com\/wp-content\/uploads\/2016\/07\/MONTANINI-II-1024x768.jpg\" alt=\"\" width=\"640\" height=\"480\" srcset=\"https:\/\/oscarhumbertogomez.com\/wp-content\/uploads\/2016\/07\/MONTANINI-II-1024x768.jpg 1024w, https:\/\/oscarhumbertogomez.com\/wp-content\/uploads\/2016\/07\/MONTANINI-II-300x225.jpg 300w, https:\/\/oscarhumbertogomez.com\/wp-content\/uploads\/2016\/07\/MONTANINI-II-768x576.jpg 768w, https:\/\/oscarhumbertogomez.com\/wp-content\/uploads\/2016\/07\/MONTANINI-II.jpg 1200w\" sizes=\"auto, (max-width: 640px) 100vw, 640px\" \/><\/p>\n<p>&nbsp;<\/p>\n<p>En fin, todo parece indicar que esperar que a Santander lo reconozcan en la historia nacional como se merece va a ser espera perdida, mientras esa historia la escriban los de otras partes. M\u00e1s grave a\u00fan resulta el panorama, cuando uno observa que ni los mismos santandereanos conocen el sitial de Santander en la historia de Colombia. Ya es hora, por ello, de que los mismos santandereanos escribamos nuestro propio devenir y compremos, leamos y divulguemos las obras que se publiquen en tal sentido, y de esa manera rescatemos del olvido la memoria hist\u00f3rica de esta tierra amn\u00e9sica. &nbsp;Nos toca hacerlo, santandereanos y santandereanas, si no queremos terminar permaneciendo en el tiempo \u00fanicamente como regi\u00f3n geogr\u00e1fica y como agregado heterog\u00e9neo de gentes, pero desaparecer como pueblo y como cultura.<\/p>\n<p>Ser\u00eda muy lamentable que cuando en el futuro le pregunten a un ni\u00f1o santandereano qui\u00e9n fue Severo Hern\u00e1ndez conteste que &#8220;como que fue un famoso pintor de cuadros al \u00f3leo&#8221; o que cuando le pregunten a otro ni\u00f1o santandereano qui\u00e9n fue Francisco Dur\u00e1n Naranjo dude si no ser\u00eda, por casualidad, &#8220;un c\u00e9lebre arquero del Real Santander, o un destacado puntero derecho del Atl\u00e9tico Bucaramanga&#8221;.<\/p>\n<p>&nbsp;<\/p>\n","protected":false},"excerpt":{"rendered":"<p>&nbsp; Cuando se escribe la Historia, hay que tener mucho cuidado en no dejar por fuera a figuras representativas de aquello sobre lo cual se est\u00e1 escribiendo, porque la omisi\u00f3n de un nombre o de un hecho puede dar al &hellip; <a href=\"https:\/\/oscarhumbertogomez.com\/?p=9802\">Sigue leyendo <span class=\"meta-nav\">&rarr;<\/span><\/a><\/p>\n<div class='heateorSssClear'><\/div><div  class='heateor_sss_sharing_container heateor_sss_horizontal_sharing' heateor-sss-data-href='https:\/\/oscarhumbertogomez.com\/?p=9802'><div class='heateor_sss_sharing_title' style=\"font-weight:bold\" >\u00a1Gracias por compartirla!<\/div><ul class=\"heateor_sss_sharing_ul\"><li class=\"heateorSssSharingRound\"><i style=\"width:35px;height:35px;border-radius:999px;\" alt=\"Facebook\" Title=\"Facebook\" class=\"heateorSssSharing heateorSssFacebookBackground\" onclick='heateorSssPopup(\"https:\/\/www.facebook.com\/sharer\/sharer.php?u=https%3A%2F%2Foscarhumbertogomez.com%2Findex.php%3Frest_route%3D%252Fwp%252Fv2%252Fposts%252F9802\")'><ss style=\"display:block;border-radius:999px;\" class=\"heateorSssSharingSvg heateorSssFacebookSvg\"><\/ss><\/i><\/li><li class=\"heateorSssSharingRound\"><i style=\"width:35px;height:35px;border-radius:999px;\" alt=\"Twitter\" Title=\"Twitter\" class=\"heateorSssSharing heateorSssTwitterBackground\" onclick='heateorSssPopup(\"http:\/\/twitter.com\/intent\/tweet?text=Santander%2C%20una%20tierra%20y%20un%20pueblo%20excluidos%20de%20la%20Historia.%20Por%20%C3%93scar%20Humberto%20G%C3%B3mez%20G%C3%B3mez&url=https%3A%2F%2Foscarhumbertogomez.com%2Findex.php%3Frest_route%3D%252Fwp%252Fv2%252Fposts%252F9802\")'><ss style=\"display:block;border-radius:999px;\" class=\"heateorSssSharingSvg heateorSssTwitterSvg\"><\/ss><\/i><\/li><li class=\"heateorSssSharingRound\"><i style=\"width:35px;height:35px;border-radius:999px;\" alt=\"Whatsapp\" Title=\"Whatsapp\" class=\"heateorSssSharing heateorSssWhatsappBackground\" onclick='heateorSssPopup(\"https:\/\/web.whatsapp.com\/send?text=Santander%2C%20una%20tierra%20y%20un%20pueblo%20excluidos%20de%20la%20Historia.%20Por%20%C3%93scar%20Humberto%20G%C3%B3mez%20G%C3%B3mez https%3A%2F%2Foscarhumbertogomez.com%2Findex.php%3Frest_route%3D%252Fwp%252Fv2%252Fposts%252F9802\")'><ss style=\"display:block\" class=\"heateorSssSharingSvg heateorSssWhatsappSvg\"><\/ss><\/i><\/li><li class=\"heateorSssSharingRound\"><i style=\"width:35px;height:35px;border-radius:999px;\" alt=\"Pinterest\" Title=\"Pinterest\" class=\"heateorSssSharing heateorSssPinterestBackground\" onclick=\"javascript:void( (function() {var e=document.createElement('script' );e.setAttribute('type','text\/javascript' );e.setAttribute('charset','UTF-8' );e.setAttribute('src','\/\/assets.pinterest.com\/js\/pinmarklet.js?r='+Math.random()*99999999);document.body.appendChild(e)})());\"><ss style=\"display:block;border-radius:999px;\" class=\"heateorSssSharingSvg heateorSssPinterestSvg\"><\/ss><\/i><\/li><li class=\"heateorSssSharingRound\"><i style=\"width:35px;height:35px;border-radius:999px;\" alt=\"Google Gmail\" Title=\"Google Gmail\" class=\"heateorSssSharing heateorSssGoogleGmailBackground\" onclick='heateorSssPopup(\"https:\/\/mail.google.com\/mail\/?ui=2&view=cm&fs=1&tf=1&su=Santander%2C%20una%20tierra%20y%20un%20pueblo%20excluidos%20de%20la%20Historia.%20Por%20%C3%93scar%20Humberto%20G%C3%B3mez%20G%C3%B3mez&body=Link:https%3A%2F%2Foscarhumbertogomez.com%2Findex.php%3Frest_route%3D%252Fwp%252Fv2%252Fposts%252F9802\")'><ss style=\"display:block;border-radius:999px;\" class=\"heateorSssSharingSvg heateorSssGoogleGmailSvg\"><\/ss><\/i><\/li><li class=\"heateorSssSharingRound\"><i style=\"width:35px;height:35px;border-radius:999px;\" title=\"More\" alt=\"More\" class=\"heateorSssSharing heateorSssMoreBackground\" onclick=\"heateorSssMoreSharingPopup(this, 'https:\/\/oscarhumbertogomez.com\/index.php?rest_route=%2Fwp%2Fv2%2Fposts%2F9802', 'Santander%2C%20una%20tierra%20y%20un%20pueblo%20excluidos%20de%20la%20Historia.%20Por%20%C3%93scar%20Humberto%20G%C3%B3mez%20G%C3%B3mez', '' )\" ><ss style=\"display:block\" class=\"heateorSssSharingSvg heateorSssMoreSvg\"><\/ss><\/i><\/li><\/ul><div class=\"heateorSssClear\"><\/div><\/div><div class='heateorSssClear'><\/div>","protected":false},"author":2,"featured_media":0,"comment_status":"open","ping_status":"open","sticky":false,"template":"","format":"standard","meta":{"spay_email":"","footnotes":""},"categories":[12],"tags":[],"class_list":["post-9802","post","type-post","status-publish","format-standard","hentry","category-historia"],"jetpack_featured_media_url":"","jetpack_shortlink":"https:\/\/wp.me\/p1FYrr-2y6","_links":{"self":[{"href":"https:\/\/oscarhumbertogomez.com\/index.php?rest_route=\/wp\/v2\/posts\/9802","targetHints":{"allow":["GET"]}}],"collection":[{"href":"https:\/\/oscarhumbertogomez.com\/index.php?rest_route=\/wp\/v2\/posts"}],"about":[{"href":"https:\/\/oscarhumbertogomez.com\/index.php?rest_route=\/wp\/v2\/types\/post"}],"author":[{"embeddable":true,"href":"https:\/\/oscarhumbertogomez.com\/index.php?rest_route=\/wp\/v2\/users\/2"}],"replies":[{"embeddable":true,"href":"https:\/\/oscarhumbertogomez.com\/index.php?rest_route=%2Fwp%2Fv2%2Fcomments&post=9802"}],"version-history":[{"count":5,"href":"https:\/\/oscarhumbertogomez.com\/index.php?rest_route=\/wp\/v2\/posts\/9802\/revisions"}],"predecessor-version":[{"id":52184,"href":"https:\/\/oscarhumbertogomez.com\/index.php?rest_route=\/wp\/v2\/posts\/9802\/revisions\/52184"}],"wp:attachment":[{"href":"https:\/\/oscarhumbertogomez.com\/index.php?rest_route=%2Fwp%2Fv2%2Fmedia&parent=9802"}],"wp:term":[{"taxonomy":"category","embeddable":true,"href":"https:\/\/oscarhumbertogomez.com\/index.php?rest_route=%2Fwp%2Fv2%2Fcategories&post=9802"},{"taxonomy":"post_tag","embeddable":true,"href":"https:\/\/oscarhumbertogomez.com\/index.php?rest_route=%2Fwp%2Fv2%2Ftags&post=9802"}],"curies":[{"name":"wp","href":"https:\/\/api.w.org\/{rel}","templated":true}]}}