{"id":9861,"date":"2013-09-20T13:54:14","date_gmt":"2013-09-20T18:54:14","guid":{"rendered":"http:\/\/www.oscarhumbertogomez.com\/?p=9861"},"modified":"2025-02-05T11:16:41","modified_gmt":"2025-02-05T16:16:41","slug":"la-risa-festiva-por-oscar-humberto-gomez-gomez","status":"publish","type":"post","link":"https:\/\/oscarhumbertogomez.com\/?p=9861","title":{"rendered":"La risa festiva. Por \u00d3scar Humberto G\u00f3mez G\u00f3mez"},"content":{"rendered":"<p><img loading=\"lazy\" decoding=\"async\" class=\"aligncenter size-full wp-image-9862\" title=\"SILVIA-GALVIS-II\" src=\"https:\/\/lapiedrafilosofal.com\/wp-content\/uploads\/2013\/09\/SILVIA-GALVIS-II.jpg\" alt=\"\" width=\"560\" height=\"373\" srcset=\"https:\/\/oscarhumbertogomez.com\/wp-content\/uploads\/2013\/09\/SILVIA-GALVIS-II.jpg 560w, https:\/\/oscarhumbertogomez.com\/wp-content\/uploads\/2013\/09\/SILVIA-GALVIS-II-300x199.jpg 300w\" sizes=\"auto, (max-width: 560px) 100vw, 560px\" \/><\/p>\n<p>&nbsp;<\/p>\n<p>Mis im\u00e1genes de Silvia Galvis son tan puntuales y tan n\u00edtidas, que a veces me lamento de no tener habilidad con el pincel. Si la tuviera, podr\u00eda dibujarlas de memoria.<\/p>\n<p>Est\u00e1 ri\u00e9ndose a carcajadas, el d\u00eda en que la conoc\u00ed, en su oficina de Vanguardia Liberal, cuando le acabamos de contar que, al preguntarla, la recepcionista nos replic\u00f3: &#8220;\u00bfLos se\u00f1ores de d\u00f3nde son?&#8221;, y Gerardo Delgado Silva le contest\u00f3: &#8220;De d\u00f3nde somos, qu\u00e9, se\u00f1orita&#8230;\u00bforiundos?&#8230;Yo, de Barichara&#8221;.<br \/>\nSe rio tanto, pero tanto, que desde entonces tuve la impresi\u00f3n de que ella no encajaba en el ambiente serio y formal que yo percib\u00eda dentro del diario.<br \/>\n(Jam\u00e1s he olvidado su risa festiva de aquella ma\u00f1ana. Cuando los a\u00f1os pasen, creo que deber\u00eda definirse a Silvia Galvis como una mujer que fue capaz de re\u00edr a pesar de haber vivido en un medio acartonado e hip\u00f3crita, donde casi nadie re\u00eda. Claro que tambi\u00e9n podr\u00eda ser definida de otras maneras: por ejemplo, como una mujer que teni\u00e9ndolo todo para haber llenado su casa de porcelanas, cristales, l\u00e1mparas y tapetes finos prefiri\u00f3 llenarla de libros).<\/p>\n<p>Est\u00e1, en cambio, llorando, tratando in\u00fatilmente de ocultar los ojos detr\u00e1s de unas gafas oscuras, cuando yo la saludo desde la recepci\u00f3n del diario, donde me estoy identificando para ingresar, el d\u00eda en que acaba de morir su padre. Tendr\u00e1 la deferencia de publicar mi carta de p\u00e9same en su le\u00edda columna <em>&#8220;V\u00eda Libre&#8221;<\/em>. S\u00f3lo publicar\u00e1 dos: la m\u00eda y, sorprendentemente, la del m\u00e9dico ortopedista y pol\u00edtico de la ANAPO Carlos Toledo Plata, ya por entonces l\u00edder visible, y preso adem\u00e1s, del M-19.<\/p>\n<p>Est\u00e1 sentada frente a su m\u00e1quina de escribir ri\u00e9ndose a carcajadas de mi apunte: ella me ha dicho que no encuentra c\u00f3mo rematar la columna que est\u00e1 escribiendo. Yo le he preguntado de qu\u00e9 trata y me ha explicado que hace cincuenta a\u00f1os Vanguardia publicaba que los habitantes de San Vicente de Chucur\u00ed le estaban clamando a gritos al gobernador de Santander de entonces, sin que \u00e9ste los escuchara, por la soluci\u00f3n de unos problemas que ahora, cincuenta a\u00f1os despu\u00e9s, son exactamente los mismos por cuya soluci\u00f3n est\u00e1n otra vez clamando a gritos los chucure\u00f1os actuales ante el actual gobernador de Santander, sin que \u00e9ste tampoco d\u00e9 se\u00f1ales de estarlos escuchando.<br \/>\n&#8220;O sea, -le digo yo- que cincuenta a\u00f1os despu\u00e9s el gobernador de Santander sigue necesitando un otorrino&#8221;.<br \/>\nSilvia rematar\u00e1, entre carcajadas, su columna con mi apunte.<br \/>\nA partir de ah\u00ed lo har\u00e1 una que otra vez, sin dejar de re\u00edrse de mis ocasionales ocurrencias.<\/p>\n<p>Est\u00e1 de pie, frente a los escombros de Vanguardia Liberal el d\u00eda en que, pr\u00e1cticamente sobre sus ruinas, asume la direcci\u00f3n del peri\u00f3dico. En ese momento le est\u00e1 diciendo a la televisi\u00f3n que &#8220;No somos una brigada militar&#8221; y que &#8220;Nos han destruido f\u00edsicamente, pero los principios permanecen intactos&#8221;. Un carrobomba ha estallado frente a la puerta del peri\u00f3dico, ha matado a varios de sus trabajadores y ha dejado en la calle a sus vecinos.<\/p>\n<p>Est\u00e1 ingresando a mi oficina, acompa\u00f1ada de su esposo, Alberto Donad\u00edo, portando en una de sus manos un voluminoso libro que me lleva de regalo. Es su novela hist\u00f3rica <em>&#8220;Soledad, conspiraciones y suspiros&#8221;<\/em>, cuyas ochocientos ochenta y ocho p\u00e1ginas habr\u00e9 de leerme en los tres d\u00edas siguientes.<\/p>\n<p>Est\u00e1, finalmente, sola, ausente, triste, distante de nuestra vida, sin la explosi\u00f3n de su risa, sin su valor civil, sin su punzante pluma, sin su cr\u00edtica mordaz, sin su buen humor, sin su acelere. Est\u00e1 dentro de una caja de madera y me dice no s\u00e9 qui\u00e9n que su funeral comenzar\u00e1 a no s\u00e9 qu\u00e9 hora del d\u00eda siguiente. Yo acabo de llegar al lugar y lo he encontrado casi solo. Es posible que me haya aumentado esa sensaci\u00f3n de soledad inmensa el no haber visto por ah\u00ed a ning\u00fan miembro de su familia.&nbsp;Al d\u00eda siguiente, solamente me asomar\u00e9 a la inmensa sala f\u00fanebre, que ya para entonces rebosar\u00e1 de calor, de color y de lagartos.<\/p>\n<p>Silvia Galvis muri\u00f3 al mediod\u00eda del domingo 20 de setiembre de 2009 en su caba\u00f1a de habitaci\u00f3n ubicada en la Mesa de las Tempestades y de la cual lleg\u00f3 a decir, entre risas, que ampliar\u00eda a escondidas para poder construir una peque\u00f1a terraza donde nos sent\u00e1ramos a tomar tinto y a darle rienda suelta a esa distracci\u00f3n, hoy desaparecida, que las generaciones pasadas llamaban &#8220;hacer tertulia&#8221;.<\/p>\n<p>Cuando la evoco, no puedo evitar pensar que pas\u00f3 por mi vida demasiado aprisa y&nbsp;estoy tan desacostumbrado a la idea de que muri\u00f3, que a ratos me parece que cualquier d\u00eda, cuando menos me lo imagine, voy a escuchar otra vez su voz en el tel\u00e9fono.<\/p>\n<p>&nbsp;<\/p>\n","protected":false},"excerpt":{"rendered":"<p>&nbsp; Mis im\u00e1genes de Silvia Galvis son tan puntuales y tan n\u00edtidas, que a veces me lamento de no tener habilidad con el pincel. Si la tuviera, podr\u00eda dibujarlas de memoria. Est\u00e1 ri\u00e9ndose a carcajadas, el d\u00eda en que la &hellip; <a href=\"https:\/\/oscarhumbertogomez.com\/?p=9861\">Sigue leyendo <span class=\"meta-nav\">&rarr;<\/span><\/a><\/p>\n<div class='heateorSssClear'><\/div><div  class='heateor_sss_sharing_container heateor_sss_horizontal_sharing' heateor-sss-data-href='https:\/\/oscarhumbertogomez.com\/?p=9861'><div class='heateor_sss_sharing_title' style=\"font-weight:bold\" >\u00a1Gracias por compartirla!<\/div><ul class=\"heateor_sss_sharing_ul\"><li class=\"heateorSssSharingRound\"><i style=\"width:35px;height:35px;border-radius:999px;\" alt=\"Facebook\" Title=\"Facebook\" class=\"heateorSssSharing heateorSssFacebookBackground\" onclick='heateorSssPopup(\"https:\/\/www.facebook.com\/sharer\/sharer.php?u=https%3A%2F%2Foscarhumbertogomez.com%2Findex.php%3Frest_route%3D%252Fwp%252Fv2%252Fposts%252F9861\")'><ss style=\"display:block;border-radius:999px;\" class=\"heateorSssSharingSvg heateorSssFacebookSvg\"><\/ss><\/i><\/li><li class=\"heateorSssSharingRound\"><i style=\"width:35px;height:35px;border-radius:999px;\" alt=\"Twitter\" Title=\"Twitter\" class=\"heateorSssSharing heateorSssTwitterBackground\" onclick='heateorSssPopup(\"http:\/\/twitter.com\/intent\/tweet?text=La%20risa%20festiva.%20Por%20%C3%93scar%20Humberto%20G%C3%B3mez%20G%C3%B3mez&url=https%3A%2F%2Foscarhumbertogomez.com%2Findex.php%3Frest_route%3D%252Fwp%252Fv2%252Fposts%252F9861\")'><ss style=\"display:block;border-radius:999px;\" class=\"heateorSssSharingSvg heateorSssTwitterSvg\"><\/ss><\/i><\/li><li class=\"heateorSssSharingRound\"><i style=\"width:35px;height:35px;border-radius:999px;\" alt=\"Whatsapp\" Title=\"Whatsapp\" class=\"heateorSssSharing heateorSssWhatsappBackground\" onclick='heateorSssPopup(\"https:\/\/web.whatsapp.com\/send?text=La%20risa%20festiva.%20Por%20%C3%93scar%20Humberto%20G%C3%B3mez%20G%C3%B3mez https%3A%2F%2Foscarhumbertogomez.com%2Findex.php%3Frest_route%3D%252Fwp%252Fv2%252Fposts%252F9861\")'><ss style=\"display:block\" class=\"heateorSssSharingSvg heateorSssWhatsappSvg\"><\/ss><\/i><\/li><li class=\"heateorSssSharingRound\"><i style=\"width:35px;height:35px;border-radius:999px;\" alt=\"Pinterest\" Title=\"Pinterest\" class=\"heateorSssSharing heateorSssPinterestBackground\" onclick=\"javascript:void( (function() {var e=document.createElement('script' );e.setAttribute('type','text\/javascript' );e.setAttribute('charset','UTF-8' );e.setAttribute('src','\/\/assets.pinterest.com\/js\/pinmarklet.js?r='+Math.random()*99999999);document.body.appendChild(e)})());\"><ss style=\"display:block;border-radius:999px;\" class=\"heateorSssSharingSvg heateorSssPinterestSvg\"><\/ss><\/i><\/li><li class=\"heateorSssSharingRound\"><i style=\"width:35px;height:35px;border-radius:999px;\" alt=\"Google Gmail\" Title=\"Google Gmail\" class=\"heateorSssSharing heateorSssGoogleGmailBackground\" onclick='heateorSssPopup(\"https:\/\/mail.google.com\/mail\/?ui=2&view=cm&fs=1&tf=1&su=La%20risa%20festiva.%20Por%20%C3%93scar%20Humberto%20G%C3%B3mez%20G%C3%B3mez&body=Link:https%3A%2F%2Foscarhumbertogomez.com%2Findex.php%3Frest_route%3D%252Fwp%252Fv2%252Fposts%252F9861\")'><ss style=\"display:block;border-radius:999px;\" class=\"heateorSssSharingSvg heateorSssGoogleGmailSvg\"><\/ss><\/i><\/li><li class=\"heateorSssSharingRound\"><i style=\"width:35px;height:35px;border-radius:999px;\" title=\"More\" alt=\"More\" class=\"heateorSssSharing heateorSssMoreBackground\" onclick=\"heateorSssMoreSharingPopup(this, 'https:\/\/oscarhumbertogomez.com\/index.php?rest_route=%2Fwp%2Fv2%2Fposts%2F9861', 'La%20risa%20festiva.%20Por%20%C3%93scar%20Humberto%20G%C3%B3mez%20G%C3%B3mez', '' )\" ><ss style=\"display:block\" class=\"heateorSssSharingSvg heateorSssMoreSvg\"><\/ss><\/i><\/li><\/ul><div class=\"heateorSssClear\"><\/div><\/div><div class='heateorSssClear'><\/div>","protected":false},"author":2,"featured_media":0,"comment_status":"open","ping_status":"open","sticky":false,"template":"","format":"standard","meta":{"spay_email":"","footnotes":""},"categories":[1],"tags":[],"class_list":["post-9861","post","type-post","status-publish","format-standard","hentry","category-blog"],"jetpack_featured_media_url":"","jetpack_shortlink":"https:\/\/wp.me\/p1FYrr-2z3","_links":{"self":[{"href":"https:\/\/oscarhumbertogomez.com\/index.php?rest_route=\/wp\/v2\/posts\/9861","targetHints":{"allow":["GET"]}}],"collection":[{"href":"https:\/\/oscarhumbertogomez.com\/index.php?rest_route=\/wp\/v2\/posts"}],"about":[{"href":"https:\/\/oscarhumbertogomez.com\/index.php?rest_route=\/wp\/v2\/types\/post"}],"author":[{"embeddable":true,"href":"https:\/\/oscarhumbertogomez.com\/index.php?rest_route=\/wp\/v2\/users\/2"}],"replies":[{"embeddable":true,"href":"https:\/\/oscarhumbertogomez.com\/index.php?rest_route=%2Fwp%2Fv2%2Fcomments&post=9861"}],"version-history":[{"count":5,"href":"https:\/\/oscarhumbertogomez.com\/index.php?rest_route=\/wp\/v2\/posts\/9861\/revisions"}],"predecessor-version":[{"id":50256,"href":"https:\/\/oscarhumbertogomez.com\/index.php?rest_route=\/wp\/v2\/posts\/9861\/revisions\/50256"}],"wp:attachment":[{"href":"https:\/\/oscarhumbertogomez.com\/index.php?rest_route=%2Fwp%2Fv2%2Fmedia&parent=9861"}],"wp:term":[{"taxonomy":"category","embeddable":true,"href":"https:\/\/oscarhumbertogomez.com\/index.php?rest_route=%2Fwp%2Fv2%2Fcategories&post=9861"},{"taxonomy":"post_tag","embeddable":true,"href":"https:\/\/oscarhumbertogomez.com\/index.php?rest_route=%2Fwp%2Fv2%2Ftags&post=9861"}],"curies":[{"name":"wp","href":"https:\/\/api.w.org\/{rel}","templated":true}]}}