{"id":9942,"date":"2013-10-06T10:15:49","date_gmt":"2013-10-06T15:15:49","guid":{"rendered":"http:\/\/www.oscarhumbertogomez.com\/?p=9942"},"modified":"2025-02-05T11:26:05","modified_gmt":"2025-02-05T16:26:05","slug":"cuanto-les-interesa-a-los-congresistas-la-vida-de-los-colombianos","status":"publish","type":"post","link":"https:\/\/oscarhumbertogomez.com\/?p=9942","title":{"rendered":"\u00bfCu\u00e1nto les interesa a los congresistas la vida de los colombianos? Por \u00d3scar Humberto G\u00f3mez G\u00f3mez"},"content":{"rendered":"<p><img loading=\"lazy\" decoding=\"async\" class=\"aligncenter size-full wp-image-9943\" title=\"VIOLENCIA EN EL F\u00daTBOL\" src=\"https:\/\/lapiedrafilosofal.com\/wp-content\/uploads\/2013\/10\/VIOLENCIA-EN-EL-F\u00daTBOL.jpg\" alt=\"\" width=\"840\" height=\"560\" srcset=\"https:\/\/oscarhumbertogomez.com\/wp-content\/uploads\/2013\/10\/VIOLENCIA-EN-EL-F\u00daTBOL.jpg 840w, https:\/\/oscarhumbertogomez.com\/wp-content\/uploads\/2013\/10\/VIOLENCIA-EN-EL-F\u00daTBOL-300x200.jpg 300w\" sizes=\"auto, (max-width: 840px) 100vw, 840px\" \/><\/p>\n<p>&nbsp;<\/p>\n<p><img loading=\"lazy\" decoding=\"async\" class=\"aligncenter size-full wp-image-9954\" title=\"violencia-futbol (1)\" src=\"https:\/\/lapiedrafilosofal.com\/wp-content\/uploads\/2013\/10\/violencia-futbol-1.jpg\" alt=\"\" width=\"400\" height=\"400\" srcset=\"https:\/\/oscarhumbertogomez.com\/wp-content\/uploads\/2013\/10\/violencia-futbol-1.jpg 400w, https:\/\/oscarhumbertogomez.com\/wp-content\/uploads\/2013\/10\/violencia-futbol-1-150x150.jpg 150w, https:\/\/oscarhumbertogomez.com\/wp-content\/uploads\/2013\/10\/violencia-futbol-1-300x300.jpg 300w\" sizes=\"auto, (max-width: 400px) 100vw, 400px\" \/><\/p>\n<p>&nbsp;<\/p>\n<p><img loading=\"lazy\" decoding=\"async\" class=\"aligncenter size-full wp-image-9955\" title=\"VIOLENCIA FUTBOL\" src=\"https:\/\/lapiedrafilosofal.com\/wp-content\/uploads\/2013\/10\/VIOLENCIA-FUTBOL.jpg\" alt=\"\" width=\"566\" height=\"284\" srcset=\"https:\/\/oscarhumbertogomez.com\/wp-content\/uploads\/2013\/10\/VIOLENCIA-FUTBOL.jpg 566w, https:\/\/oscarhumbertogomez.com\/wp-content\/uploads\/2013\/10\/VIOLENCIA-FUTBOL-300x150.jpg 300w\" sizes=\"auto, (max-width: 566px) 100vw, 566px\" \/><\/p>\n<p>&nbsp;<\/p>\n<p><img loading=\"lazy\" decoding=\"async\" class=\"aligncenter size-full wp-image-9956\" title=\"VIOLENCIA EN F\u00daTBOL\" src=\"https:\/\/lapiedrafilosofal.com\/wp-content\/uploads\/2013\/10\/VIOLENCIA-EN-F\u00daTBOL.jpg\" alt=\"\" width=\"585\" height=\"380\" srcset=\"https:\/\/oscarhumbertogomez.com\/wp-content\/uploads\/2013\/10\/VIOLENCIA-EN-F\u00daTBOL.jpg 585w, https:\/\/oscarhumbertogomez.com\/wp-content\/uploads\/2013\/10\/VIOLENCIA-EN-F\u00daTBOL-300x194.jpg 300w\" sizes=\"auto, (max-width: 585px) 100vw, 585px\" \/><\/p>\n<p>&nbsp;<\/p>\n<p><img loading=\"lazy\" decoding=\"async\" class=\"aligncenter size-full wp-image-9957\" title=\"VIOLENCIA EN EL F\u00daTBOL II\" src=\"https:\/\/lapiedrafilosofal.com\/wp-content\/uploads\/2013\/10\/VIOLENCIA-EN-EL-F\u00daTBOL-II.jpg\" alt=\"\" width=\"566\" height=\"284\" srcset=\"https:\/\/oscarhumbertogomez.com\/wp-content\/uploads\/2013\/10\/VIOLENCIA-EN-EL-F\u00daTBOL-II.jpg 566w, https:\/\/oscarhumbertogomez.com\/wp-content\/uploads\/2013\/10\/VIOLENCIA-EN-EL-F\u00daTBOL-II-300x150.jpg 300w\" sizes=\"auto, (max-width: 566px) 100vw, 566px\" \/><\/p>\n<p>&nbsp;<\/p>\n<p><img loading=\"lazy\" decoding=\"async\" class=\"aligncenter size-full wp-image-9958\" title=\"VIOLENCIA EN EL F\u00daTBOL III\" src=\"https:\/\/lapiedrafilosofal.com\/wp-content\/uploads\/2013\/10\/VIOLENCIA-EN-EL-F\u00daTBOL-III.jpg\" alt=\"\" width=\"407\" height=\"305\" srcset=\"https:\/\/oscarhumbertogomez.com\/wp-content\/uploads\/2013\/10\/VIOLENCIA-EN-EL-F\u00daTBOL-III.jpg 407w, https:\/\/oscarhumbertogomez.com\/wp-content\/uploads\/2013\/10\/VIOLENCIA-EN-EL-F\u00daTBOL-III-300x224.jpg 300w\" sizes=\"auto, (max-width: 407px) 100vw, 407px\" \/><\/p>\n<p>&nbsp;<\/p>\n<p><img loading=\"lazy\" decoding=\"async\" class=\"aligncenter size-full wp-image-9959\" title=\"VIOLENCIA EN EL F\u00daTBOL IV\" src=\"https:\/\/lapiedrafilosofal.com\/wp-content\/uploads\/2013\/10\/VIOLENCIA-EN-EL-F\u00daTBOL-IV.jpg\" alt=\"\" width=\"512\" height=\"348\" srcset=\"https:\/\/oscarhumbertogomez.com\/wp-content\/uploads\/2013\/10\/VIOLENCIA-EN-EL-F\u00daTBOL-IV.jpg 512w, https:\/\/oscarhumbertogomez.com\/wp-content\/uploads\/2013\/10\/VIOLENCIA-EN-EL-F\u00daTBOL-IV-300x203.jpg 300w\" sizes=\"auto, (max-width: 512px) 100vw, 512px\" \/><\/p>\n<p>&nbsp;<\/p>\n<p><img loading=\"lazy\" decoding=\"async\" class=\"aligncenter size-full wp-image-9960\" title=\"VIOLENCIA EN EL F\u00daTBOL V\" src=\"https:\/\/lapiedrafilosofal.com\/wp-content\/uploads\/2013\/10\/VIOLENCIA-EN-EL-F\u00daTBOL-V.jpg\" alt=\"\" width=\"640\" height=\"281\" srcset=\"https:\/\/oscarhumbertogomez.com\/wp-content\/uploads\/2013\/10\/VIOLENCIA-EN-EL-F\u00daTBOL-V.jpg 640w, https:\/\/oscarhumbertogomez.com\/wp-content\/uploads\/2013\/10\/VIOLENCIA-EN-EL-F\u00daTBOL-V-300x131.jpg 300w\" sizes=\"auto, (max-width: 640px) 100vw, 640px\" \/><\/p>\n<p>&nbsp;<\/p>\n<p><img loading=\"lazy\" decoding=\"async\" class=\"aligncenter size-full wp-image-9961\" title=\"VIOLENCIA EN EL F\u00daTBOL VI\" src=\"https:\/\/lapiedrafilosofal.com\/wp-content\/uploads\/2013\/10\/VIOLENCIA-EN-EL-F\u00daTBOL-VI.jpg\" alt=\"\" width=\"500\" height=\"373\" srcset=\"https:\/\/oscarhumbertogomez.com\/wp-content\/uploads\/2013\/10\/VIOLENCIA-EN-EL-F\u00daTBOL-VI.jpg 500w, https:\/\/oscarhumbertogomez.com\/wp-content\/uploads\/2013\/10\/VIOLENCIA-EN-EL-F\u00daTBOL-VI-300x223.jpg 300w\" sizes=\"auto, (max-width: 500px) 100vw, 500px\" \/><\/p>\n<p>&nbsp;<\/p>\n<p><img loading=\"lazy\" decoding=\"async\" class=\"aligncenter size-full wp-image-9962\" title=\"VIOLENCIA EN EL F\u00daTBOL VII\" src=\"https:\/\/lapiedrafilosofal.com\/wp-content\/uploads\/2013\/10\/VIOLENCIA-EN-EL-F\u00daTBOL-VII.jpg\" alt=\"\" width=\"900\" height=\"363\" srcset=\"https:\/\/oscarhumbertogomez.com\/wp-content\/uploads\/2013\/10\/VIOLENCIA-EN-EL-F\u00daTBOL-VII.jpg 900w, https:\/\/oscarhumbertogomez.com\/wp-content\/uploads\/2013\/10\/VIOLENCIA-EN-EL-F\u00daTBOL-VII-300x121.jpg 300w\" sizes=\"auto, (max-width: 900px) 100vw, 900px\" \/><\/p>\n<p>&nbsp;<\/p>\n<p><img loading=\"lazy\" decoding=\"async\" class=\"aligncenter size-full wp-image-9963\" title=\"VIOLENCIA EN EL F\u00daTBOL VIII\" src=\"https:\/\/lapiedrafilosofal.com\/wp-content\/uploads\/2013\/10\/VIOLENCIA-EN-EL-F\u00daTBOL-VIII.jpg\" alt=\"\" width=\"679\" height=\"340\" srcset=\"https:\/\/oscarhumbertogomez.com\/wp-content\/uploads\/2013\/10\/VIOLENCIA-EN-EL-F\u00daTBOL-VIII.jpg 679w, https:\/\/oscarhumbertogomez.com\/wp-content\/uploads\/2013\/10\/VIOLENCIA-EN-EL-F\u00daTBOL-VIII-300x150.jpg 300w\" sizes=\"auto, (max-width: 679px) 100vw, 679px\" \/><\/p>\n<p>&nbsp;<\/p>\n<p><img loading=\"lazy\" decoding=\"async\" class=\"aligncenter size-full wp-image-9964\" title=\"VIOLENCIA EN EL F\u00daTBOL IX\" src=\"https:\/\/lapiedrafilosofal.com\/wp-content\/uploads\/2013\/10\/VIOLENCIA-EN-EL-F\u00daTBOL-IX.jpg\" alt=\"\" width=\"566\" height=\"284\" srcset=\"https:\/\/oscarhumbertogomez.com\/wp-content\/uploads\/2013\/10\/VIOLENCIA-EN-EL-F\u00daTBOL-IX.jpg 566w, https:\/\/oscarhumbertogomez.com\/wp-content\/uploads\/2013\/10\/VIOLENCIA-EN-EL-F\u00daTBOL-IX-300x150.jpg 300w\" sizes=\"auto, (max-width: 566px) 100vw, 566px\" \/><\/p>\n<p>&nbsp;<\/p>\n<p><img loading=\"lazy\" decoding=\"async\" class=\"aligncenter size-full wp-image-9965\" title=\"VIOLENCIA EN EL F\u00daTBOL X\" src=\"https:\/\/lapiedrafilosofal.com\/wp-content\/uploads\/2013\/10\/VIOLENCIA-EN-EL-F\u00daTBOL-X.jpg\" alt=\"\" width=\"640\" height=\"280\" srcset=\"https:\/\/oscarhumbertogomez.com\/wp-content\/uploads\/2013\/10\/VIOLENCIA-EN-EL-F\u00daTBOL-X.jpg 640w, https:\/\/oscarhumbertogomez.com\/wp-content\/uploads\/2013\/10\/VIOLENCIA-EN-EL-F\u00daTBOL-X-300x131.jpg 300w\" sizes=\"auto, (max-width: 640px) 100vw, 640px\" \/><\/p>\n<p>&nbsp;<\/p>\n<div id=\"attachment_9966\" style=\"width: 460px\" class=\"wp-caption aligncenter\"><img loading=\"lazy\" decoding=\"async\" aria-describedby=\"caption-attachment-9966\" class=\"size-full wp-image-9966\" title=\"GENERAL YESID V\u00c1SQUEZ, IGNORADO COMPLETAMENTE POR LOS ESCASOS CONGRESISTAS PRESENTES EN EL CAPITOLIO NACIONAL DURANTE EL DEBATE SOBRE LA VIOLENCIA EN EL F\u00daTBOL COLOMBIANO\" src=\"https:\/\/lapiedrafilosofal.com\/wp-content\/uploads\/2013\/10\/GENERAL-YESID-V\u00c1SQUEZ-IGNORADO-COMPLETAMENTE-POR-LOS-ESCASOS-CONGRESISTAS-PRESENTES-DURANTE-EL-DEBATE-SOBRE-LA-VIOLENCIA-EN-EL-F\u00daTBOL-COLOMBIANO.-.jpg\" alt=\"\" width=\"450\" height=\"300\" srcset=\"https:\/\/oscarhumbertogomez.com\/wp-content\/uploads\/2013\/10\/GENERAL-YESID-V\u00c1SQUEZ-IGNORADO-COMPLETAMENTE-POR-LOS-ESCASOS-CONGRESISTAS-PRESENTES-DURANTE-EL-DEBATE-SOBRE-LA-VIOLENCIA-EN-EL-F\u00daTBOL-COLOMBIANO.-.jpg 450w, https:\/\/oscarhumbertogomez.com\/wp-content\/uploads\/2013\/10\/GENERAL-YESID-V\u00c1SQUEZ-IGNORADO-COMPLETAMENTE-POR-LOS-ESCASOS-CONGRESISTAS-PRESENTES-DURANTE-EL-DEBATE-SOBRE-LA-VIOLENCIA-EN-EL-F\u00daTBOL-COLOMBIANO.--300x200.jpg 300w\" sizes=\"auto, (max-width: 450px) 100vw, 450px\" \/><p id=\"caption-attachment-9966\" class=\"wp-caption-text\">GENERAL YESID V\u00c1SQUEZ, IGNORADO COMPLETAMENTE POR LOS ESCASOS CONGRESISTAS PRESENTES DURANTE EL DEBATE SOBRE LA VIOLENCIA EN EL F\u00daTBOL COLOMBIANO<\/p><\/div>\n<p>&nbsp;<\/p>\n<div id=\"attachment_9967\" style=\"width: 550px\" class=\"wp-caption aligncenter\"><img loading=\"lazy\" decoding=\"async\" aria-describedby=\"caption-attachment-9967\" class=\"size-full wp-image-9967\" title=\"CONGRESISTAS DISTRAIDOS DURANTE DEBATE SOBRE VIOLENCIA EN EL F\u00daTBOL\" src=\"https:\/\/lapiedrafilosofal.com\/wp-content\/uploads\/2013\/10\/CONGRESISTAS-DISTRAIDOS-DURANTE-DEBATE-SOBRE-VIOLENCIA-EN-EL-F\u00daTBOL.jpg\" alt=\"\" width=\"540\" height=\"212\" srcset=\"https:\/\/oscarhumbertogomez.com\/wp-content\/uploads\/2013\/10\/CONGRESISTAS-DISTRAIDOS-DURANTE-DEBATE-SOBRE-VIOLENCIA-EN-EL-F\u00daTBOL.jpg 540w, https:\/\/oscarhumbertogomez.com\/wp-content\/uploads\/2013\/10\/CONGRESISTAS-DISTRAIDOS-DURANTE-DEBATE-SOBRE-VIOLENCIA-EN-EL-F\u00daTBOL-300x117.jpg 300w\" sizes=\"auto, (max-width: 540px) 100vw, 540px\" \/><p id=\"caption-attachment-9967\" class=\"wp-caption-text\">LOS ESCASOS CONGRESISTAS PRESENTES EN EL DEBATE ANDABAN EN OTRO CUENTO<\/p><\/div>\n<p>&nbsp;<\/p>\n<p>Despu\u00e9s de unas campa\u00f1as en las que abunda el licor, la comilona, la francachela, el cierre de calles, los discursos veintejulieros, la lagarter\u00eda y, por supuesto, el derroche de dinero, estos personajes &#8211; en cuya opacidad oratoria no hay que ahondar mucho porque ella salta a la vista en las escas\u00edsimas ocasiones en que dejan o\u00edr sus voces, obviamente para no decir nada- tampoco tienen al menos la cortes\u00eda de escuchar con atenci\u00f3n a los altos dignatarios del Estado que son citados al Congreso Nacional para hablar sobre fen\u00f3menos de inter\u00e9s nacional.<\/p>\n<p>En este caso, podr\u00e1n ver ustedes -dando clic izquierdo encima del enlace- cu\u00e1l fue su inter\u00e9s en la suerte de los numerosos colombianos que han sido asesinados dentro del contexto de esa vor\u00e1gine de ordinariez, chabacaner\u00eda, vulgaridad, agresividad, violencia y muerte en que se convirti\u00f3 el otrora deporte del f\u00fatbol.<\/p>\n<p>Fue la propia C\u00e1mara de Representantes, a trav\u00e9s de su presidente, la que cit\u00f3 al general Yesid V\u00e1squez, inspector general de la Polic\u00eda Nacional, para hablar acerca de esta grav\u00edsima y delicad\u00edsima problem\u00e1tica, que -como lo entiende cualquier mente medianamente normal- requiere de una urgent\u00edsima respuesta por parte del Estado.<\/p>\n<p>Sin embargo, como pueden ver en el video, mientras el general V\u00e1squez hac\u00eda su exposici\u00f3n, los elegidos por el voto popular se dedicaban a otras cosas.<\/p>\n<p>Y eso no es lo peor: lo verdaderamente peor es que, como puede leerse en la nota de EL TIEMPO, estos maleducados personajes pretenden justificar lo injustificable con argumentos tan peregrinos, que si no fuera porque este pa\u00eds no es serio, deber\u00eda costarles la inmediata destituci\u00f3n.<\/p>\n<p>Ha salido a la luz por estos d\u00edas una versi\u00f3n de la <em>Urbanidad de Carre\u00f1o<\/em> ilustrada con matachitos de colores, para motivar a los ni\u00f1os a leer esa obra.<\/p>\n<p>A juzgar por lo visto, el Estado colombiano deber\u00eda adquirir toda la edici\u00f3n y repartirla en el Congreso, a&nbsp;ver si, ya que no les interesan los problemas nacionales, al menos los mueven a repasar las normas de buena educaci\u00f3n los matachitos de colores.<\/p>\n<p>Cuando uno observa el &#8220;respeto&#8221; y la &#8220;atenci\u00f3n&#8221; con que escuchan a un general de la Polic\u00eda Nacional al que ellos mismos citaron para hablar sobre un tema de palpitante actualidad, se pregunta con qu\u00e9 inter\u00e9s leer\u00e1n nuestros parlamentarios las cartas que les env\u00edan los colombianos del com\u00fan para exponerles sus problemas.<\/p>\n<p>\u00a1Con raz\u00f3n Sim\u00f3n Firmoncito, presidente de la C\u00e1mara de Representantes en los nefastos tiempos de la Reforma a la Justicia que nos quedamos esperando, justific\u00f3 el haber estampado su firma en aquel vergonzoso adefesio, con aquella hist\u00f3rica y memorable frase, que al lado de las de S\u00f3crates, Plat\u00f3n, Arist\u00f3teles, Kant, Napole\u00f3n, Bol\u00edvar, Einstein, Wilde, Lincoln, Sartre, Churchill, Martin Luther King, etc\u00e9tera, constituir\u00e1 un ejemplo imborrable de agudeza intelectual y vena pol\u00edtica para las generaciones del futuro: &#8220;<em>Es que firm\u00e9 sin leer; apenas hab\u00eda ojeado el proyecto por encima<\/em>&#8220;.<\/p>\n<p>\u00a1Y pensar que firm\u00f3 sin leer y que apenas oje\u00f3 por encima nada menos que una Reforma a la Constituci\u00f3n Pol\u00edtica de la Rep\u00fablica de Colombia!<\/p>\n<p>&nbsp;<\/p>\n<p><a href=\"http:\/\/www.eltiempo.com\/politica\/la-indiferencia-en-la-camara-durante-debate-de-violencia-en-el-futbol_13097516-4\">http:\/\/www.eltiempo.com\/politica\/la-indiferencia-en-la-camara-durante-debate-de-violencia-en-el-futbol_13097516-4<\/a><\/p>\n<p>&nbsp;<\/p>\n","protected":false},"excerpt":{"rendered":"<p>&nbsp; &nbsp; &nbsp; &nbsp; &nbsp; &nbsp; &nbsp; &nbsp; &nbsp; &nbsp; &nbsp; &nbsp; &nbsp; &nbsp; &nbsp; Despu\u00e9s de unas campa\u00f1as en las que abunda el licor, la comilona, la francachela, el cierre de calles, los discursos veintejulieros, la lagarter\u00eda y, por &hellip; <a href=\"https:\/\/oscarhumbertogomez.com\/?p=9942\">Sigue leyendo <span class=\"meta-nav\">&rarr;<\/span><\/a><\/p>\n<div class='heateorSssClear'><\/div><div  class='heateor_sss_sharing_container heateor_sss_horizontal_sharing' heateor-sss-data-href='https:\/\/oscarhumbertogomez.com\/?p=9942'><div class='heateor_sss_sharing_title' style=\"font-weight:bold\" >\u00a1Gracias por compartirla!<\/div><ul class=\"heateor_sss_sharing_ul\"><li class=\"heateorSssSharingRound\"><i style=\"width:35px;height:35px;border-radius:999px;\" alt=\"Facebook\" Title=\"Facebook\" class=\"heateorSssSharing heateorSssFacebookBackground\" onclick='heateorSssPopup(\"https:\/\/www.facebook.com\/sharer\/sharer.php?u=https%3A%2F%2Foscarhumbertogomez.com%2Findex.php%3Frest_route%3D%252Fwp%252Fv2%252Fposts%252F9942\")'><ss style=\"display:block;border-radius:999px;\" class=\"heateorSssSharingSvg heateorSssFacebookSvg\"><\/ss><\/i><\/li><li class=\"heateorSssSharingRound\"><i style=\"width:35px;height:35px;border-radius:999px;\" alt=\"Twitter\" Title=\"Twitter\" class=\"heateorSssSharing heateorSssTwitterBackground\" onclick='heateorSssPopup(\"http:\/\/twitter.com\/intent\/tweet?text=%C2%BFCu%C3%A1nto%20les%20interesa%20a%20los%20congresistas%20la%20vida%20de%20los%20colombianos%3F%20Por%20%C3%93scar%20Humberto%20G%C3%B3mez%20G%C3%B3mez&url=https%3A%2F%2Foscarhumbertogomez.com%2Findex.php%3Frest_route%3D%252Fwp%252Fv2%252Fposts%252F9942\")'><ss style=\"display:block;border-radius:999px;\" class=\"heateorSssSharingSvg heateorSssTwitterSvg\"><\/ss><\/i><\/li><li class=\"heateorSssSharingRound\"><i style=\"width:35px;height:35px;border-radius:999px;\" alt=\"Whatsapp\" Title=\"Whatsapp\" class=\"heateorSssSharing heateorSssWhatsappBackground\" onclick='heateorSssPopup(\"https:\/\/web.whatsapp.com\/send?text=%C2%BFCu%C3%A1nto%20les%20interesa%20a%20los%20congresistas%20la%20vida%20de%20los%20colombianos%3F%20Por%20%C3%93scar%20Humberto%20G%C3%B3mez%20G%C3%B3mez https%3A%2F%2Foscarhumbertogomez.com%2Findex.php%3Frest_route%3D%252Fwp%252Fv2%252Fposts%252F9942\")'><ss style=\"display:block\" class=\"heateorSssSharingSvg heateorSssWhatsappSvg\"><\/ss><\/i><\/li><li class=\"heateorSssSharingRound\"><i style=\"width:35px;height:35px;border-radius:999px;\" alt=\"Pinterest\" Title=\"Pinterest\" class=\"heateorSssSharing heateorSssPinterestBackground\" onclick=\"javascript:void( (function() {var e=document.createElement('script' );e.setAttribute('type','text\/javascript' );e.setAttribute('charset','UTF-8' );e.setAttribute('src','\/\/assets.pinterest.com\/js\/pinmarklet.js?r='+Math.random()*99999999);document.body.appendChild(e)})());\"><ss style=\"display:block;border-radius:999px;\" class=\"heateorSssSharingSvg heateorSssPinterestSvg\"><\/ss><\/i><\/li><li class=\"heateorSssSharingRound\"><i style=\"width:35px;height:35px;border-radius:999px;\" alt=\"Google Gmail\" Title=\"Google Gmail\" class=\"heateorSssSharing heateorSssGoogleGmailBackground\" onclick='heateorSssPopup(\"https:\/\/mail.google.com\/mail\/?ui=2&view=cm&fs=1&tf=1&su=%C2%BFCu%C3%A1nto%20les%20interesa%20a%20los%20congresistas%20la%20vida%20de%20los%20colombianos%3F%20Por%20%C3%93scar%20Humberto%20G%C3%B3mez%20G%C3%B3mez&body=Link:https%3A%2F%2Foscarhumbertogomez.com%2Findex.php%3Frest_route%3D%252Fwp%252Fv2%252Fposts%252F9942\")'><ss style=\"display:block;border-radius:999px;\" class=\"heateorSssSharingSvg heateorSssGoogleGmailSvg\"><\/ss><\/i><\/li><li class=\"heateorSssSharingRound\"><i style=\"width:35px;height:35px;border-radius:999px;\" title=\"More\" alt=\"More\" class=\"heateorSssSharing heateorSssMoreBackground\" onclick=\"heateorSssMoreSharingPopup(this, 'https:\/\/oscarhumbertogomez.com\/index.php?rest_route=%2Fwp%2Fv2%2Fposts%2F9942', '%C2%BFCu%C3%A1nto%20les%20interesa%20a%20los%20congresistas%20la%20vida%20de%20los%20colombianos%3F%20Por%20%C3%93scar%20Humberto%20G%C3%B3mez%20G%C3%B3mez', '' )\" ><ss style=\"display:block\" class=\"heateorSssSharingSvg heateorSssMoreSvg\"><\/ss><\/i><\/li><\/ul><div class=\"heateorSssClear\"><\/div><\/div><div class='heateorSssClear'><\/div>","protected":false},"author":2,"featured_media":0,"comment_status":"open","ping_status":"open","sticky":false,"template":"","format":"standard","meta":{"spay_email":"","footnotes":""},"categories":[1],"tags":[],"class_list":["post-9942","post","type-post","status-publish","format-standard","hentry","category-blog"],"jetpack_featured_media_url":"","jetpack_shortlink":"https:\/\/wp.me\/p1FYrr-2Am","_links":{"self":[{"href":"https:\/\/oscarhumbertogomez.com\/index.php?rest_route=\/wp\/v2\/posts\/9942","targetHints":{"allow":["GET"]}}],"collection":[{"href":"https:\/\/oscarhumbertogomez.com\/index.php?rest_route=\/wp\/v2\/posts"}],"about":[{"href":"https:\/\/oscarhumbertogomez.com\/index.php?rest_route=\/wp\/v2\/types\/post"}],"author":[{"embeddable":true,"href":"https:\/\/oscarhumbertogomez.com\/index.php?rest_route=\/wp\/v2\/users\/2"}],"replies":[{"embeddable":true,"href":"https:\/\/oscarhumbertogomez.com\/index.php?rest_route=%2Fwp%2Fv2%2Fcomments&post=9942"}],"version-history":[{"count":6,"href":"https:\/\/oscarhumbertogomez.com\/index.php?rest_route=\/wp\/v2\/posts\/9942\/revisions"}],"predecessor-version":[{"id":50261,"href":"https:\/\/oscarhumbertogomez.com\/index.php?rest_route=\/wp\/v2\/posts\/9942\/revisions\/50261"}],"wp:attachment":[{"href":"https:\/\/oscarhumbertogomez.com\/index.php?rest_route=%2Fwp%2Fv2%2Fmedia&parent=9942"}],"wp:term":[{"taxonomy":"category","embeddable":true,"href":"https:\/\/oscarhumbertogomez.com\/index.php?rest_route=%2Fwp%2Fv2%2Fcategories&post=9942"},{"taxonomy":"post_tag","embeddable":true,"href":"https:\/\/oscarhumbertogomez.com\/index.php?rest_route=%2Fwp%2Fv2%2Ftags&post=9942"}],"curies":[{"name":"wp","href":"https:\/\/api.w.org\/{rel}","templated":true}]}}