{"id":9999,"date":"2013-10-12T07:22:16","date_gmt":"2013-10-12T12:22:16","guid":{"rendered":"http:\/\/www.oscarhumbertogomez.com\/?p=9999"},"modified":"2025-02-17T18:00:17","modified_gmt":"2025-02-17T23:00:17","slug":"las-funciones-de-policia-judicial-de-la-contraloria-y-la-investigacion-fiscal-de-los-altos-funcionarios-del-estado-por-oscar-humberto-gomez-gomez","status":"publish","type":"post","link":"https:\/\/oscarhumbertogomez.com\/?p=9999","title":{"rendered":"Las funciones de polic\u00eda judicial de la Contralor\u00eda y la investigaci\u00f3n fiscal de los altos funcionarios del Estado. Por \u00d3scar Humberto G\u00f3mez G\u00f3mez"},"content":{"rendered":"<div id=\"attachment_49906\" style=\"width: 650px\" class=\"wp-caption aligncenter\"><img loading=\"lazy\" decoding=\"async\" aria-describedby=\"caption-attachment-49906\" class=\"size-large wp-image-49906\" src=\"https:\/\/oscarhumbertogomez.com\/wp-content\/uploads\/2011\/06\/WhatsApp-Image-2025-01-19-at-16.33.19-1024x690.jpeg\" alt=\"\" width=\"640\" height=\"431\" srcset=\"https:\/\/oscarhumbertogomez.com\/wp-content\/uploads\/2011\/06\/WhatsApp-Image-2025-01-19-at-16.33.19-1024x690.jpeg 1024w, https:\/\/oscarhumbertogomez.com\/wp-content\/uploads\/2011\/06\/WhatsApp-Image-2025-01-19-at-16.33.19-300x202.jpeg 300w, https:\/\/oscarhumbertogomez.com\/wp-content\/uploads\/2011\/06\/WhatsApp-Image-2025-01-19-at-16.33.19-768x517.jpeg 768w, https:\/\/oscarhumbertogomez.com\/wp-content\/uploads\/2011\/06\/WhatsApp-Image-2025-01-19-at-16.33.19.jpeg 1280w\" sizes=\"auto, (max-width: 640px) 100vw, 640px\" \/><p id=\"caption-attachment-49906\" class=\"wp-caption-text\">\u00d3SCAR HUMBERTO G\u00d3MEZ G\u00d3MEZ. Fotograf\u00eda de Nylse Blackburn. 2009<\/p><\/div>\n<p>&nbsp;<\/p>\n<p>A ra\u00edz de unas diligencias de polic\u00eda judicial adelantadas por funcionarios de la Contralor\u00eda General de la Naci\u00f3n dentro de una investigaci\u00f3n fiscal, se produjo una fuerte reacci\u00f3n por parte de la Fiscal\u00eda General de la Naci\u00f3n en desarrollo de la cual esa instituci\u00f3n se vino lanza en ristre contra una ingeniera y una abogada de la Contralor\u00eda a cargo del manejo de tales actuaciones.<\/p>\n<p>Las dos funcionarias hablaron en La W y denunciaron que estaban siendo perseguidas por la Fiscal\u00eda a ra\u00edz de las mismas, pues seg\u00fan el se\u00f1or Fiscal General de la Naci\u00f3n la Contralor\u00eda General de la Rep\u00fablica carece de funciones de polic\u00eda judicial, tales funciones son exclusivas de la Fiscal\u00eda General de la Naci\u00f3n y, por ende, estas funcionarias invadieron competencias ajenas y deben ser investigadas penalmente por tal motivo. Las funcionarias han dicho que lo que existe es una retaliaci\u00f3n contra la Contralora General Sandra Morelli y que el poder de investigaci\u00f3n penal de la Fiscal\u00eda se est\u00e1 empleando contra personal subalterno suyo con el inocultable prop\u00f3sito de intimidarlo y, de paso, intimidarla a ella.<\/p>\n<p>&nbsp;<\/p>\n<div id=\"attachment_10001\" style=\"width: 590px\" class=\"wp-caption aligncenter\"><img loading=\"lazy\" decoding=\"async\" aria-describedby=\"caption-attachment-10001\" class=\"size-full wp-image-10001\" title=\"Sandra Morelli\" src=\"https:\/\/lapiedrafilosofal.com\/wp-content\/uploads\/2013\/10\/Sandra-Morelli1.jpg\" alt=\"\" width=\"580\" height=\"435\" srcset=\"https:\/\/oscarhumbertogomez.com\/wp-content\/uploads\/2013\/10\/Sandra-Morelli1.jpg 580w, https:\/\/oscarhumbertogomez.com\/wp-content\/uploads\/2013\/10\/Sandra-Morelli1-300x225.jpg 300w\" sizes=\"auto, (max-width: 580px) 100vw, 580px\" \/><p id=\"caption-attachment-10001\" class=\"wp-caption-text\">SANDRA MORELLI, CONTRALORA GENERAL DE LA REP\u00daBLICA.<\/p><\/div>\n<p>&nbsp;<\/p>\n<p>De otro lado, seg\u00fan informan los medios de comunicaci\u00f3n, el se\u00f1or Fiscal General de la Naci\u00f3n present\u00f3 una acci\u00f3n de tutela ante la Corte Suprema de Justicia contra la Contralor\u00eda General de la Rep\u00fablica porque esta entidad adelantaba investigaci\u00f3n fiscal contra unos magistrados de la Sala Jurisdiccional-Disciplinaria del Consejo Superior de la Judicatura involucrados en el llamado &#8220;carrusel de las pensiones&#8221;, referido a las &#8220;palomitas&#8221; que en ese Consejo Superior se les daba a ciertas personas para que, tras laborar algunos pocos d\u00edas en dicha entidad, pudieran jubilarse con mesada pensional de magistrado de alta corte. El Fiscal General adujo que los altos funcionarios del Estado, incluido \u00e9l, tienen fuero y que su \u00fanico juez, para todos los efectos, es decir, penal, disciplinario y fiscal, es la Comisi\u00f3n de Acusaci\u00f3n de la C\u00e1mara de Representantes. Seg\u00fan informa tambi\u00e9n la prensa, la Corte Suprema de Justicia fall\u00f3 la tutela a favor del Fiscal General, es decir, que para la Corte Suprema el fuero de los altos funcionarios del Estado en virtud del cual los debe investigar penalmente la precitada Comisi\u00f3n de Acusaci\u00f3n <span style=\"text-decoration: underline;\">se extiende a los asuntos fiscales<\/span> y, por ende, la Contralor\u00eda no los puede investigar.<\/p>\n<p>No hemos encontrado si la Corte Constitucional seleccion\u00f3 esa tutela para revisi\u00f3n y si hubo o habr\u00e1 un pronunciamiento de esa Corte al respecto.<\/p>\n<p>&nbsp;<\/p>\n<div id=\"attachment_10002\" style=\"width: 710px\" class=\"wp-caption aligncenter\"><img loading=\"lazy\" decoding=\"async\" aria-describedby=\"caption-attachment-10002\" class=\"size-full wp-image-10002\" title=\"ARCHIVOCOLP ORGANIZADAS WORKFLOW 2008 0000163052FO3061.JPG\" src=\"https:\/\/lapiedrafilosofal.com\/wp-content\/uploads\/2013\/10\/eduardo_montealegre_2_0.jpg\" alt=\"\" width=\"700\" height=\"467\" srcset=\"https:\/\/oscarhumbertogomez.com\/wp-content\/uploads\/2013\/10\/eduardo_montealegre_2_0.jpg 700w, https:\/\/oscarhumbertogomez.com\/wp-content\/uploads\/2013\/10\/eduardo_montealegre_2_0-300x200.jpg 300w\" sizes=\"auto, (max-width: 700px) 100vw, 700px\" \/><p id=\"caption-attachment-10002\" class=\"wp-caption-text\">EDUARDO MONTEALEGRE, FISCAL GENERAL DE LA NACI\u00d3N.<\/p><\/div>\n<p>&nbsp;<\/p>\n<p>Aparte de que no nos resulta claro si, en verdad, el Fiscal General pudo entablar exitosamente una acci\u00f3n de tutela en busca de amparo para los derechos fundamentales de unos magistrados, o si lo que sucedi\u00f3 fue que la prensa no present\u00f3 acertadamente la noticia y lo que est\u00e1 haciendo el Fiscal General es defender sus propios derechos fundamentales, vale decir, previendo que el d\u00eda de ma\u00f1ana no lo investigue la Contralor\u00eda a \u00e9l mismo, lo cierto es que todo el pa\u00eds sabe que la tal Comisi\u00f3n de Acusaci\u00f3n no acusa a nadie. &nbsp;Y si ello as\u00ed, como en efecto lo es, resulta f\u00e1cil prever que, de salir de las manos de la Contralor\u00eda, las investigaciones por el &#8220;carrusel de las pensiones&#8221; y de las &#8220;palomitas&#8221; van a terminar en el archivo.<\/p>\n<p>Es, desde luego, extremadamente grave para la salud moral de la Patria que existan en Colombia funcionarios intocables a quienes, hagan lo que hagan, finalmente no los investiga nadie. Por ello, ya es hora de que, si en verdad, a los altos funcionarios del Estado solamente los puede investigar la Comisi\u00f3n de Acusaci\u00f3n de la C\u00e1mara de Representantes se haga algo para que esa c\u00e9lula asuma, de una vez por todas, las funciones que le fueron asignadas o que, tambi\u00e9n de una vez por todas, desaparezca, y que los altos dignatarios del Estado sean realmente investigados y juzgados por sus actuaciones, de modo que en este pa\u00eds todo el mundo, desde el m\u00e1s humilde de los colombianos hasta el m\u00e1s encopetado, sepa que no est\u00e1 exento de tener que responder por sus actos.<\/p>\n<p>En cuanto a la reacci\u00f3n de la Fiscal\u00eda General de la Naci\u00f3n contra personal de la Contralor\u00eda General de la Rep\u00fablica por el empleo de funciones judiciales, funciones que, seg\u00fan aquel ente la Contralor\u00eda no tiene, el art\u00edculo 29 de la Ley 610 de agosto 15 de 2000 &#8220;Por la cual se establece el tr\u00e1mite de los procesos de responsabilidad fiscal de competencia de las contralor\u00edas&#8221; dice textualmente lo siguiente:<\/p>\n<p>&#8220;ARTICULO 29. ASEGURAMIENTO DE LAS PRUEBAS. El funcionario de la Contralor\u00eda en ejercicio de las facultades <span style=\"text-decoration: underline;\">de polic\u00eda judicial<\/span> tomar\u00e1 las medidas que sean necesarias para asegurar que los elementos de prueba no sean alterados, ocultados o destruidos. Con tal fin podr\u00e1 ordenar <span style=\"text-decoration: underline;\">entre otras<\/span> las siguientes medidas: disponer vigilancia especial de las personas, de los muebles o inmuebles, el sellamiento de \u00e9stos, la retenci\u00f3n de medios de transporte, la incautaci\u00f3n de papeles, libros, documentos o cualquier otro texto inform\u00e1tico o magn\u00e9tico&#8221;. (Los subrayados son nuestros).<\/p>\n<p>El texto oficial de la precitada ley termina con la firma de los siguientes personajes:<\/p>\n<p>&#8220;El Presidente del honorable Senado de la Rep\u00fablica,<br \/>\nMIGUEL PINEDO VIDAL.<br \/>\nEl Secretario General del honorable Senado de la Rep\u00fablica,<br \/>\nMANUEL ENR\u00cdQUEZ ROSERO.<br \/>\nLa Presidenta de la honorable C\u00e1mara de Representantes,<br \/>\nNANCY PATRICIA GUTI\u00c9RREZ CASTA\u00d1EDA.<br \/>\nEl Secretario General de la honorable C\u00e1mara de Representantes,<br \/>\nGUSTAVO BUSTAMANTE MORATTO.<br \/>\nREPUBLICA DE COLOMBIA &#8211; GOBIERNO NACIONAL<br \/>\nPubl\u00edquese y ejec\u00fatese.<br \/>\nDada en Santa Fe de Bogot\u00e1, D. C., a 15 de agosto de 2000.<br \/>\nANDRES PASTRANA ARANGO<br \/>\nEl Ministro del Interior,<br \/>\nHUMBERTO DE LA CALLE LOMBANA&#8221;.<\/p>\n<p>El art\u00edculo 69 de dicha ley dice:<\/p>\n<p>&#8220;VIGENCIA. La presente ley rige a partir de su publicaci\u00f3n&#8221;.<\/p>\n<p>La publicaci\u00f3n se llev\u00f3 a cabo en el Diario Oficial No. 44.133 del 18 de agosto de 2000.<\/p>\n<p>Luego la ley est\u00e1 rigiendo desde el a\u00f1o 2000, vale decir, desde hace trece (13) a\u00f1os.<\/p>\n<p>Ustedes mismos saquen, entonces, sus propias conclusiones.<\/p>\n<p>&nbsp;<\/p>\n","protected":false},"excerpt":{"rendered":"<p>&nbsp; A ra\u00edz de unas diligencias de polic\u00eda judicial adelantadas por funcionarios de la Contralor\u00eda General de la Naci\u00f3n dentro de una investigaci\u00f3n fiscal, se produjo una fuerte reacci\u00f3n por parte de la Fiscal\u00eda General de la Naci\u00f3n en desarrollo &hellip; <a href=\"https:\/\/oscarhumbertogomez.com\/?p=9999\">Sigue leyendo <span class=\"meta-nav\">&rarr;<\/span><\/a><\/p>\n<div class='heateorSssClear'><\/div><div  class='heateor_sss_sharing_container heateor_sss_horizontal_sharing' heateor-sss-data-href='https:\/\/oscarhumbertogomez.com\/?p=9999'><div class='heateor_sss_sharing_title' style=\"font-weight:bold\" >\u00a1Gracias por compartirla!<\/div><ul class=\"heateor_sss_sharing_ul\"><li class=\"heateorSssSharingRound\"><i style=\"width:35px;height:35px;border-radius:999px;\" alt=\"Facebook\" Title=\"Facebook\" class=\"heateorSssSharing heateorSssFacebookBackground\" onclick='heateorSssPopup(\"https:\/\/www.facebook.com\/sharer\/sharer.php?u=https%3A%2F%2Foscarhumbertogomez.com%2Findex.php%3Frest_route%3D%252Fwp%252Fv2%252Fposts%252F9999\")'><ss style=\"display:block;border-radius:999px;\" class=\"heateorSssSharingSvg heateorSssFacebookSvg\"><\/ss><\/i><\/li><li class=\"heateorSssSharingRound\"><i style=\"width:35px;height:35px;border-radius:999px;\" alt=\"Twitter\" Title=\"Twitter\" class=\"heateorSssSharing heateorSssTwitterBackground\" onclick='heateorSssPopup(\"http:\/\/twitter.com\/intent\/tweet?text=Las%20funciones%20de%20polic%C3%ADa%20judicial%20de%20la%20Contralor%C3%ADa%20y%20la%20investigaci%C3%B3n%20fiscal%20de%20los%20altos%20funcionarios%20del%20Estado.%20Por%20%C3%93scar%20Humberto%20G%C3%B3mez%20G%C3%B3mez&url=https%3A%2F%2Foscarhumbertogomez.com%2Findex.php%3Frest_route%3D%252Fwp%252Fv2%252Fposts%252F9999\")'><ss style=\"display:block;border-radius:999px;\" class=\"heateorSssSharingSvg heateorSssTwitterSvg\"><\/ss><\/i><\/li><li class=\"heateorSssSharingRound\"><i style=\"width:35px;height:35px;border-radius:999px;\" alt=\"Whatsapp\" Title=\"Whatsapp\" class=\"heateorSssSharing heateorSssWhatsappBackground\" onclick='heateorSssPopup(\"https:\/\/web.whatsapp.com\/send?text=Las%20funciones%20de%20polic%C3%ADa%20judicial%20de%20la%20Contralor%C3%ADa%20y%20la%20investigaci%C3%B3n%20fiscal%20de%20los%20altos%20funcionarios%20del%20Estado.%20Por%20%C3%93scar%20Humberto%20G%C3%B3mez%20G%C3%B3mez https%3A%2F%2Foscarhumbertogomez.com%2Findex.php%3Frest_route%3D%252Fwp%252Fv2%252Fposts%252F9999\")'><ss style=\"display:block\" class=\"heateorSssSharingSvg heateorSssWhatsappSvg\"><\/ss><\/i><\/li><li class=\"heateorSssSharingRound\"><i style=\"width:35px;height:35px;border-radius:999px;\" alt=\"Pinterest\" Title=\"Pinterest\" class=\"heateorSssSharing heateorSssPinterestBackground\" onclick=\"javascript:void( (function() {var e=document.createElement('script' );e.setAttribute('type','text\/javascript' );e.setAttribute('charset','UTF-8' );e.setAttribute('src','\/\/assets.pinterest.com\/js\/pinmarklet.js?r='+Math.random()*99999999);document.body.appendChild(e)})());\"><ss style=\"display:block;border-radius:999px;\" class=\"heateorSssSharingSvg heateorSssPinterestSvg\"><\/ss><\/i><\/li><li class=\"heateorSssSharingRound\"><i style=\"width:35px;height:35px;border-radius:999px;\" alt=\"Google Gmail\" Title=\"Google Gmail\" class=\"heateorSssSharing heateorSssGoogleGmailBackground\" onclick='heateorSssPopup(\"https:\/\/mail.google.com\/mail\/?ui=2&view=cm&fs=1&tf=1&su=Las%20funciones%20de%20polic%C3%ADa%20judicial%20de%20la%20Contralor%C3%ADa%20y%20la%20investigaci%C3%B3n%20fiscal%20de%20los%20altos%20funcionarios%20del%20Estado.%20Por%20%C3%93scar%20Humberto%20G%C3%B3mez%20G%C3%B3mez&body=Link:https%3A%2F%2Foscarhumbertogomez.com%2Findex.php%3Frest_route%3D%252Fwp%252Fv2%252Fposts%252F9999\")'><ss style=\"display:block;border-radius:999px;\" class=\"heateorSssSharingSvg heateorSssGoogleGmailSvg\"><\/ss><\/i><\/li><li class=\"heateorSssSharingRound\"><i style=\"width:35px;height:35px;border-radius:999px;\" title=\"More\" alt=\"More\" class=\"heateorSssSharing heateorSssMoreBackground\" onclick=\"heateorSssMoreSharingPopup(this, 'https:\/\/oscarhumbertogomez.com\/index.php?rest_route=%2Fwp%2Fv2%2Fposts%2F9999', 'Las%20funciones%20de%20polic%C3%ADa%20judicial%20de%20la%20Contralor%C3%ADa%20y%20la%20investigaci%C3%B3n%20fiscal%20de%20los%20altos%20funcionarios%20del%20Estado.%20Por%20%C3%93scar%20Humberto%20G%C3%B3mez%20G%C3%B3mez', '' )\" ><ss style=\"display:block\" class=\"heateorSssSharingSvg heateorSssMoreSvg\"><\/ss><\/i><\/li><\/ul><div class=\"heateorSssClear\"><\/div><\/div><div class='heateorSssClear'><\/div>","protected":false},"author":2,"featured_media":0,"comment_status":"open","ping_status":"open","sticky":false,"template":"","format":"standard","meta":{"spay_email":"","footnotes":""},"categories":[10],"tags":[],"class_list":["post-9999","post","type-post","status-publish","format-standard","hentry","category-derecho"],"jetpack_featured_media_url":"","jetpack_shortlink":"https:\/\/wp.me\/p1FYrr-2Bh","_links":{"self":[{"href":"https:\/\/oscarhumbertogomez.com\/index.php?rest_route=\/wp\/v2\/posts\/9999","targetHints":{"allow":["GET"]}}],"collection":[{"href":"https:\/\/oscarhumbertogomez.com\/index.php?rest_route=\/wp\/v2\/posts"}],"about":[{"href":"https:\/\/oscarhumbertogomez.com\/index.php?rest_route=\/wp\/v2\/types\/post"}],"author":[{"embeddable":true,"href":"https:\/\/oscarhumbertogomez.com\/index.php?rest_route=\/wp\/v2\/users\/2"}],"replies":[{"embeddable":true,"href":"https:\/\/oscarhumbertogomez.com\/index.php?rest_route=%2Fwp%2Fv2%2Fcomments&post=9999"}],"version-history":[{"count":5,"href":"https:\/\/oscarhumbertogomez.com\/index.php?rest_route=\/wp\/v2\/posts\/9999\/revisions"}],"predecessor-version":[{"id":50864,"href":"https:\/\/oscarhumbertogomez.com\/index.php?rest_route=\/wp\/v2\/posts\/9999\/revisions\/50864"}],"wp:attachment":[{"href":"https:\/\/oscarhumbertogomez.com\/index.php?rest_route=%2Fwp%2Fv2%2Fmedia&parent=9999"}],"wp:term":[{"taxonomy":"category","embeddable":true,"href":"https:\/\/oscarhumbertogomez.com\/index.php?rest_route=%2Fwp%2Fv2%2Fcategories&post=9999"},{"taxonomy":"post_tag","embeddable":true,"href":"https:\/\/oscarhumbertogomez.com\/index.php?rest_route=%2Fwp%2Fv2%2Ftags&post=9999"}],"curies":[{"name":"wp","href":"https:\/\/api.w.org\/{rel}","templated":true}]}}